{"id":47107,"date":"2024-10-11T03:36:08","date_gmt":"2024-10-11T03:36:08","guid":{"rendered":"https:\/\/tvbrazilusa.com\/2024\/10\/11\/padrasto-e-preso-sob-suspeita-de-ter-quebrado-as-costelas-de-um-bebe-de-2-meses\/"},"modified":"2024-10-11T03:36:10","modified_gmt":"2024-10-11T03:36:10","slug":"padrasto-e-preso-sob-suspeita-de-ter-quebrado-as-costelas-de-um-bebe-de-2-meses","status":"publish","type":"post","link":"https:\/\/tvbrazilusa.com\/pt\/2024\/10\/11\/padrasto-e-preso-sob-suspeita-de-ter-quebrado-as-costelas-de-um-bebe-de-2-meses\/","title":{"rendered":"Padrasto \u00e9 preso sob suspeita de ter quebrado as costelas de um beb\u00ea de 2 meses"},"content":{"rendered":"<p> <script async src=\"https:\/\/pagead2.googlesyndication.com\/pagead\/js\/adsbygoogle.js?client=ca-pub-8864793242727901\"\r\n     crossorigin=\"anonymous\"><\/script><br \/>\n<\/p>\n<div id=\"taboola-read-more\" style=\"display:block; width:100%\">\n<p>Um homem de 24 anos foi preso nesta quinta-feira (10\/10), por suspeita de espancar o enteado, um beb\u00ea de dois meses, em Cabre\u00fava, no interior de S\u00e3o Paulo.\n<\/p>\n<p>Segundo o delegado respons\u00e1vel pela investiga\u00e7\u00e3o do caso, Ruiter Martins, da Delegacia de Cabre\u00fava, as autoridades foram acionadas pelo Conselho Tutelar da cidade. A crian\u00e7a foi socorrida na Unidade de Pronto Atendimento (UPA) do Jacar\u00e9 com ferimentos na cabe\u00e7a, pesco\u00e7o, queixo e tr\u00eas fraturas na costela.<\/p>\n<p>\u201cA crian\u00e7a passou por radiografia que constatou tr\u00eas costelas quebradas, bem quebradas. At\u00e9 quem n\u00e3o \u00e9 m\u00e9dico olha ali e sabe que est\u00e1 quebrado. Juntando com as les\u00f5es externas, ficou bem caracterizado que foi uma agress\u00e3o. Um espancamento\u201d, afirmou o delegado.\n<\/p>\n<p>Por conta dos ferimentos graves, o beb\u00ea precisou ser transferido para o Hospital Universit\u00e1rio de Jundia\u00ed, cidade vizinha, e seu estado de sa\u00fade ainda n\u00e3o foi informado.\n<\/p>\n<p>Inicialmente, a pol\u00edcia prendeu o padrasto e a m\u00e3e da crian\u00e7a. Depois de depoimentos, a mulher revelou que o filho estava com o companheiro no momento do ocorrido e o homem alegou que ele teria ca\u00eddo.\n<\/p>\n<p>A m\u00e3e foi liberada mas vai responder por omiss\u00e3o. J\u00e1 o padrasto continuou preso e est\u00e1 sendo acusado de les\u00e3o corporal grave, viol\u00eancia dom\u00e9stica e maus-tratos.\n<\/p>\n<p>Fonte: Blog do Bg <\/p>\n<\/div>\n<p><br \/>\n<br \/><a href=\"https:\/\/diariodobrasilnoticias.com.br\/noticia\/padrasto-e-preso-sob-suspeita-de-ter-quebrado-as-costelas-de-um-bebe-de-2-meses-67085a915720b\">Source link <\/a><\/p>","protected":false},"excerpt":{"rendered":"<p>Um homem de 24 anos foi preso nesta quinta-feira (10\/10), por suspeita de espancar o enteado, um beb\u00ea de dois meses, em Cabre\u00fava, no interior de S\u00e3o Paulo. Segundo o&hellip;<\/p>","protected":false},"author":1,"featured_media":47108,"comment_status":"closed","ping_status":"open","sticky":false,"template":"","format":"standard","meta":{"content-type":"","footnotes":""},"categories":[16],"tags":[123,2448,5313,1267],"class_list":["post-47107","post","type-post","status-publish","format-standard","has-post-thumbnail","hentry","category-noticias","tag-brasil","tag-diario","tag-noticia","tag-noticias"],"_links":{"self":[{"href":"https:\/\/tvbrazilusa.com\/pt\/wp-json\/wp\/v2\/posts\/47107","targetHints":{"allow":["GET"]}}],"collection":[{"href":"https:\/\/tvbrazilusa.com\/pt\/wp-json\/wp\/v2\/posts"}],"about":[{"href":"https:\/\/tvbrazilusa.com\/pt\/wp-json\/wp\/v2\/types\/post"}],"author":[{"embeddable":true,"href":"https:\/\/tvbrazilusa.com\/pt\/wp-json\/wp\/v2\/users\/1"}],"replies":[{"embeddable":true,"href":"https:\/\/tvbrazilusa.com\/pt\/wp-json\/wp\/v2\/comments?post=47107"}],"version-history":[{"count":1,"href":"https:\/\/tvbrazilusa.com\/pt\/wp-json\/wp\/v2\/posts\/47107\/revisions"}],"predecessor-version":[{"id":47109,"href":"https:\/\/tvbrazilusa.com\/pt\/wp-json\/wp\/v2\/posts\/47107\/revisions\/47109"}],"wp:featuredmedia":[{"embeddable":true,"href":"https:\/\/tvbrazilusa.com\/pt\/wp-json\/wp\/v2\/media\/47108"}],"wp:attachment":[{"href":"https:\/\/tvbrazilusa.com\/pt\/wp-json\/wp\/v2\/media?parent=47107"}],"wp:term":[{"taxonomy":"category","embeddable":true,"href":"https:\/\/tvbrazilusa.com\/pt\/wp-json\/wp\/v2\/categories?post=47107"},{"taxonomy":"post_tag","embeddable":true,"href":"https:\/\/tvbrazilusa.com\/pt\/wp-json\/wp\/v2\/tags?post=47107"}],"curies":[{"name":"wp","href":"https:\/\/api.w.org\/{rel}","templated":true}]}}