{"id":47120,"date":"2024-10-11T04:31:43","date_gmt":"2024-10-11T04:31:43","guid":{"rendered":"https:\/\/tvbrazilusa.com\/2024\/10\/11\/tragedia-em-br-engavetamento-de-17-veiculos-deixa-um-morto-e-sete-feridos\/"},"modified":"2024-10-11T04:31:45","modified_gmt":"2024-10-11T04:31:45","slug":"tragedia-em-br-engavetamento-de-17-veiculos-deixa-um-morto-e-sete-feridos","status":"publish","type":"post","link":"https:\/\/tvbrazilusa.com\/pt\/2024\/10\/11\/tragedia-em-br-engavetamento-de-17-veiculos-deixa-um-morto-e-sete-feridos\/","title":{"rendered":"Trag\u00e9dia em BR: engavetamento de 17 ve\u00edculos deixa um morto e sete feridos."},"content":{"rendered":"<p> <script async src=\"https:\/\/pagead2.googlesyndication.com\/pagead\/js\/adsbygoogle.js?client=ca-pub-8864793242727901\"\r\n     crossorigin=\"anonymous\"><\/script><br \/>\n<\/p>\n<div id=\"taboola-read-more\" style=\"display:block; width:100%\">\n<p>Um grave acidente em cadeia envolvendo 17 ve\u00edculos ocorreu na manh\u00e3 desta quinta-feira (10) na BR-277, em Balsa Nova, na Regi\u00e3o Metropolitana de Curitiba (RMC). O incidente resultou na morte de um homem de 57 anos, que era motorista de um bitrem, al\u00e9m de deixar pelo menos sete pessoas feridas, sendo quatro em estado grave, segundo informa\u00e7\u00f5es do Corpo de Bombeiros.\n<\/p>\n<p>O acidente se deu em tr\u00eas engavetamentos consecutivos, registrados nos quil\u00f4metros 142 e 143 da rodovia, cerca de 2 km ap\u00f3s a pra\u00e7a de ped\u00e1gio, no sentido Ponta Grossa. O primeiro acidente ocorreu por volta das 7h05, envolvendo seis ve\u00edculos, sendo cinco caminh\u00f5es, uma caminhonete e um carro. O intervalo de tempo entre os demais acidentes ainda n\u00e3o foi divulgado. O segundo engavetamento envolveu quatro caminh\u00f5es e um carro, enquanto o terceiro consistiu em uma colis\u00e3o entre tr\u00eas carros e dois caminh\u00f5es.<\/p>\n<p>No momento do acidente, a rodovia apresentava cerra\u00e7\u00e3o e chuva leve, condi\u00e7\u00f5es que podem ter contribu\u00eddo para a ocorr\u00eancia das colis\u00f5es. A rodovia est\u00e1 atualmente sob o regime de pare e siga, enquanto a Pol\u00edcia Rodovi\u00e1ria Federal (PRF) investiga as causas do acidente.\n<\/p>\n<ul>\n<li>As v\u00edtimas foram encaminhadas para diferentes hospitais da regi\u00e3o:Paciente 1: masculino, 52 anos \u2013 Hospital Evang\u00e9lico, Curitiba<\/li>\n<li>Paciente 2: masculino, 45 anos \u2013 Hospital do Trabalhador, Curitiba<\/li>\n<li>Paciente 3: masculino, 64 anos \u2013 Hospital do Rocio, Campo Largo<\/li>\n<li>Paciente 4: masculino, 45 anos \u2013 Hospital do Trabalhador, Curitiba<\/li>\n<li>Paciente 5: masculino, 20 anos \u2013 encaminhado para o munic\u00edpio de Palmeira<\/li>\n<li>Paciente 6: masculino, 32 anos \u2013 encaminhado para o munic\u00edpio de Palmeira<\/li>\n<li>Paciente 7: masculino, 43 anos \u2013 encaminhado para o munic\u00edpio de Palmera<\/li>\n<\/ul>\n<p>A PRF tamb\u00e9m informou que havia mais de 20 km de congestionamento no local \u00e0s 11h45. Equipes de bombeiros, pol\u00edcia e socorro est\u00e3o trabalhando na cena do acidente. Al\u00e9m disso, a concession\u00e1ria Via Arauc\u00e1ria recomenda que motoristas utilizem rotas alternativas, como a BR-476, sentido Porto Amazonas, que d\u00e1 acesso \u00e0 PR-423.\n<\/p>\n<p>Um vazamento de \u00f3leo foi identificado no trecho, e equipes da PRF e da Via Arauc\u00e1ria est\u00e3o mobilizadas para realizar a limpeza e liberar o tr\u00e1fego. Uma das faixas da pista, que estava bloqueada no sentido interior do Paran\u00e1, foi liberada no in\u00edcio da tarde.\n<\/p>\n<p>Fonte: Gazeta Brasil <\/p>\n<\/div>\n<p><br \/>\n<br \/><a href=\"https:\/\/diariodobrasilnoticias.com.br\/noticia\/tragedia-em-br-engavetamento-de-17-veiculos-deixa-um-morto-e-sete-feridos-670851cbd86ad\">Source link <\/a><\/p>","protected":false},"excerpt":{"rendered":"<p>Um grave acidente em cadeia envolvendo 17 ve\u00edculos ocorreu na manh\u00e3 desta quinta-feira (10) na BR-277, em Balsa Nova, na Regi\u00e3o Metropolitana de Curitiba (RMC). O incidente resultou na morte&hellip;<\/p>","protected":false},"author":1,"featured_media":47121,"comment_status":"closed","ping_status":"open","sticky":false,"template":"","format":"standard","meta":{"content-type":"","footnotes":""},"categories":[16],"tags":[123,2448,5313,1267],"class_list":["post-47120","post","type-post","status-publish","format-standard","has-post-thumbnail","hentry","category-noticias","tag-brasil","tag-diario","tag-noticia","tag-noticias"],"_links":{"self":[{"href":"https:\/\/tvbrazilusa.com\/pt\/wp-json\/wp\/v2\/posts\/47120","targetHints":{"allow":["GET"]}}],"collection":[{"href":"https:\/\/tvbrazilusa.com\/pt\/wp-json\/wp\/v2\/posts"}],"about":[{"href":"https:\/\/tvbrazilusa.com\/pt\/wp-json\/wp\/v2\/types\/post"}],"author":[{"embeddable":true,"href":"https:\/\/tvbrazilusa.com\/pt\/wp-json\/wp\/v2\/users\/1"}],"replies":[{"embeddable":true,"href":"https:\/\/tvbrazilusa.com\/pt\/wp-json\/wp\/v2\/comments?post=47120"}],"version-history":[{"count":1,"href":"https:\/\/tvbrazilusa.com\/pt\/wp-json\/wp\/v2\/posts\/47120\/revisions"}],"predecessor-version":[{"id":47122,"href":"https:\/\/tvbrazilusa.com\/pt\/wp-json\/wp\/v2\/posts\/47120\/revisions\/47122"}],"wp:featuredmedia":[{"embeddable":true,"href":"https:\/\/tvbrazilusa.com\/pt\/wp-json\/wp\/v2\/media\/47121"}],"wp:attachment":[{"href":"https:\/\/tvbrazilusa.com\/pt\/wp-json\/wp\/v2\/media?parent=47120"}],"wp:term":[{"taxonomy":"category","embeddable":true,"href":"https:\/\/tvbrazilusa.com\/pt\/wp-json\/wp\/v2\/categories?post=47120"},{"taxonomy":"post_tag","embeddable":true,"href":"https:\/\/tvbrazilusa.com\/pt\/wp-json\/wp\/v2\/tags?post=47120"}],"curies":[{"name":"wp","href":"https:\/\/api.w.org\/{rel}","templated":true}]}}