{"id":47123,"date":"2024-10-11T04:49:40","date_gmt":"2024-10-11T04:49:40","guid":{"rendered":"https:\/\/tvbrazilusa.com\/2024\/10\/11\/corpo-de-menina-desaparecida-e-encontrado-em-rio\/"},"modified":"2024-10-11T04:49:41","modified_gmt":"2024-10-11T04:49:41","slug":"corpo-de-menina-desaparecida-e-encontrado-em-rio","status":"publish","type":"post","link":"https:\/\/tvbrazilusa.com\/pt\/2024\/10\/11\/corpo-de-menina-desaparecida-e-encontrado-em-rio\/","title":{"rendered":"Corpo de Menina Desaparecida \u00e9 encontrado em rio"},"content":{"rendered":"<p> <script async src=\"https:\/\/pagead2.googlesyndication.com\/pagead\/js\/adsbygoogle.js?client=ca-pub-8864793242727901\"\r\n     crossorigin=\"anonymous\"><\/script><br \/>\n<\/p>\n<div id=\"taboola-read-more\" style=\"display:block; width:100%\">\n<p>O corpo de Let\u00edcia Correia de Queiroz, de 6 anos, foi encontrado nesta quinta-feira (10) nas \u00e1guas do Rio Solim\u00f5es, confirmou a Pol\u00edcia Civil do Amazonas (PC-AM). A crian\u00e7a havia desaparecido ap\u00f3s um deslizamento de terra no porto da comunidade Terra Preta, em Manacapuru, interior do estado, na \u00faltima segunda-feira (7). Al\u00e9m de Let\u00edcia, o deslizamento provocou a morte de um homem de 36 anos e deixou ao menos 10 feridos.\n<\/p>\n<p>Os familiares de Let\u00edcia reconheceram o corpo no necrot\u00e9rio do cemit\u00e9rio S\u00e3o Francisco Xavier, onde foi levado ap\u00f3s ser resgatado do rio. Desde o dia do acidente, o Corpo de Bombeiros Militar do Amazonas (CBMAM), com o apoio da Marinha do Brasil, realizava buscas na regi\u00e3o. O corpo da menina foi localizado pr\u00f3ximo ao local do deslizamento por volta das 13h desta quinta-feira.<\/p>\n<p>O Instituto M\u00e9dico Legal (IML) de Manaus foi acionado para a realiza\u00e7\u00e3o dos procedimentos legais. Devido \u00e0 falta de uma unidade do IML em Manacapuru, o corpo ser\u00e1 transferido para a capital amazonense.\n<\/p>\n<p>Let\u00edcia estava com dois irm\u00e3os, de 18 e 15 anos, no momento em que a casa da fam\u00edlia foi arrastada pelo deslizamento. Ambos conseguiram sobreviver ao desastre. O pai da menina relatou que a fam\u00edlia vivia na casa flutuante h\u00e1 28 anos, e que ele e a esposa estavam pescando quando o deslizamento aconteceu. \u201cOlhamos para l\u00e1 e n\u00e3o vimos mais o nosso flutuante. Foi um desespero. Minha esposa passou mal. Todos os meus tr\u00eas filhos estavam dentro do flutuante\u201d, contou o pai.\n<\/p>\n<p>Al\u00e9m de Let\u00edcia, o deslizamento tamb\u00e9m vitimou um homem de 36 anos, cujo corpo foi encontrado no dia anterior, quarta-feira (9).\n<\/p>\n<p>O acidente ocorreu quando um deslizamento de terra abriu uma cratera na orla de Manacapuru, engolindo parte do porto de Terra Preta. Especialistas apontam que a constru\u00e7\u00e3o do porto pode ter sido feita em um local inadequado para estruturas de grande porte.\n<\/p>\n<p>O Minist\u00e9rio P\u00fablico do Estado do Amazonas (MPE) anunciou na ter\u00e7a-feira (8) que abriu uma investiga\u00e7\u00e3o para apurar as causas do deslizamento. A 3\u00aa Promotoria de Justi\u00e7a j\u00e1 est\u00e1 coletando provas e determinou a ado\u00e7\u00e3o de medidas emergenciais para garantir assist\u00eancia \u00e0s v\u00edtimas e suas fam\u00edlias. A investiga\u00e7\u00e3o tamb\u00e9m buscar\u00e1 identificar poss\u00edveis falhas nas a\u00e7\u00f5es preventivas.\n<\/p>\n<p>Fonte: Gazeta Brasil <\/p>\n<\/div>\n<p><br \/>\n<br \/><a href=\"https:\/\/diariodobrasilnoticias.com.br\/noticia\/corpo-de-menina-desaparecida-e-encontrado-em-rio-67083aa8886b2\">Source link <\/a><\/p>","protected":false},"excerpt":{"rendered":"<p>O corpo de Let\u00edcia Correia de Queiroz, de 6 anos, foi encontrado nesta quinta-feira (10) nas \u00e1guas do Rio Solim\u00f5es, confirmou a Pol\u00edcia Civil do Amazonas (PC-AM). A crian\u00e7a havia&hellip;<\/p>","protected":false},"author":1,"featured_media":47124,"comment_status":"closed","ping_status":"open","sticky":false,"template":"","format":"standard","meta":{"content-type":"","footnotes":""},"categories":[16],"tags":[123,2448,5313,1267],"class_list":["post-47123","post","type-post","status-publish","format-standard","has-post-thumbnail","hentry","category-noticias","tag-brasil","tag-diario","tag-noticia","tag-noticias"],"_links":{"self":[{"href":"https:\/\/tvbrazilusa.com\/pt\/wp-json\/wp\/v2\/posts\/47123","targetHints":{"allow":["GET"]}}],"collection":[{"href":"https:\/\/tvbrazilusa.com\/pt\/wp-json\/wp\/v2\/posts"}],"about":[{"href":"https:\/\/tvbrazilusa.com\/pt\/wp-json\/wp\/v2\/types\/post"}],"author":[{"embeddable":true,"href":"https:\/\/tvbrazilusa.com\/pt\/wp-json\/wp\/v2\/users\/1"}],"replies":[{"embeddable":true,"href":"https:\/\/tvbrazilusa.com\/pt\/wp-json\/wp\/v2\/comments?post=47123"}],"version-history":[{"count":1,"href":"https:\/\/tvbrazilusa.com\/pt\/wp-json\/wp\/v2\/posts\/47123\/revisions"}],"predecessor-version":[{"id":47125,"href":"https:\/\/tvbrazilusa.com\/pt\/wp-json\/wp\/v2\/posts\/47123\/revisions\/47125"}],"wp:featuredmedia":[{"embeddable":true,"href":"https:\/\/tvbrazilusa.com\/pt\/wp-json\/wp\/v2\/media\/47124"}],"wp:attachment":[{"href":"https:\/\/tvbrazilusa.com\/pt\/wp-json\/wp\/v2\/media?parent=47123"}],"wp:term":[{"taxonomy":"category","embeddable":true,"href":"https:\/\/tvbrazilusa.com\/pt\/wp-json\/wp\/v2\/categories?post=47123"},{"taxonomy":"post_tag","embeddable":true,"href":"https:\/\/tvbrazilusa.com\/pt\/wp-json\/wp\/v2\/tags?post=47123"}],"curies":[{"name":"wp","href":"https:\/\/api.w.org\/{rel}","templated":true}]}}