{"id":47151,"date":"2024-10-11T10:07:33","date_gmt":"2024-10-11T10:07:33","guid":{"rendered":"https:\/\/tvbrazilusa.com\/2024\/10\/11\/onu-acusa-israel-de-genocidio-e-causa-revolta-entre-especialistas-confira\/"},"modified":"2024-10-11T10:07:35","modified_gmt":"2024-10-11T10:07:35","slug":"onu-acusa-israel-de-genocidio-e-causa-revolta-entre-especialistas-confira","status":"publish","type":"post","link":"https:\/\/tvbrazilusa.com\/pt\/2024\/10\/11\/onu-acusa-israel-de-genocidio-e-causa-revolta-entre-especialistas-confira\/","title":{"rendered":"ONU acusa Israel de genoc\u00eddio e causa revolta entre especialistas; CONFIRA"},"content":{"rendered":"<p> <script async src=\"https:\/\/pagead2.googlesyndication.com\/pagead\/js\/adsbygoogle.js?client=ca-pub-8864793242727901\"\r\n     crossorigin=\"anonymous\"><\/script><br \/>\n<\/p>\n<div id=\"taboola-read-more\" style=\"display:block; width:100%\">\n<p>Um relat\u00f3rio da Organiza\u00e7\u00e3o das Na\u00e7\u00f5es Unidas gerou revolta entre especialistas ao responsabilizar Israel pelas condi\u00e7\u00f5es humanit\u00e1rias em Gaza, ignorando as atrocidades cometidas pelo Hamas.\n<\/p>\n<p>A professora Anne Bayefsky, diretora do Touro Institute on Human Rights and the Holocaust, criticou duramente o documento, afirmando que ele manipula a narrativa dos fatos e promove \u201cfraude legal\u201d ao inverter responsabilidades entre Israel e o grupo terrorista.<\/p>\n<p>O professor Gerald Steinberg, diretor da ONG Monitor, tamb\u00e9m expressou sua indigna\u00e7\u00e3o, descrevendo o documento como reflexo de uma \u201cobsess\u00e3o anti-Israel\u201d dentro da ONU. Segundo Steinberg, a acusa\u00e7\u00e3o de genoc\u00eddio contra Israel \u00e9 \u201cuma manipula\u00e7\u00e3o deliberada\u201d destinada a inflamar tens\u00f5es, enquanto as a\u00e7\u00f5es do Hamas s\u00e3o negligenciadas.\n<\/p>\n<p>Outro especialista, Hillel Neuer, diretor executivo da UN Watch, foi ainda mais incisivo em suas cr\u00edticas. \u201cO Hamas tem como objetivo declarado a destrui\u00e7\u00e3o de Israel, o que configura genoc\u00eddio em sua ess\u00eancia. No entanto, a ONU n\u00e3o s\u00f3 ignora isso como inverte a responsabilidade, culpando Israel pelas consequ\u00eancias das a\u00e7\u00f5es do Hamas\u201d, disse Neuer. Ele classificou o relat\u00f3rio como \u201cdesonesto e tendencioso\u201d, acusando a comiss\u00e3o de incitar o \u00f3dio e o terrorismo.\n<\/p>\n<p>A comiss\u00e3o respons\u00e1vel pelo relat\u00f3rio, liderada pela ex-comiss\u00e1ria da ONU, Navi Pillay, \u00e9 conhecida por sua postura cr\u00edtica a Israel. O relat\u00f3rio alega que o cerco imposto por Israel \u00e0 Faixa de Gaza \u00e9 o principal motivo da escassez de alimentos, \u00e1gua e medicamentos, afetando at\u00e9 mesmo os ref\u00e9ns israelenses mantidos pelo Hamas.\n<\/p>\n<p>A acusa\u00e7\u00e3o de que Israel utiliza a fome como \u201cm\u00e9todo de guerra\u201d \u00e9 um dos pontos que mais indignaram especialistas, como Bayefsky, que apontam que o documento desconsidera os esfor\u00e7os israelenses de enviar ajuda humanit\u00e1ria, muitas vezes saqueada pelo Hamas.\n<\/p>\n<p>Bayefsky tamb\u00e9m destacou a omiss\u00e3o do relat\u00f3rio em rela\u00e7\u00e3o ao uso de hospitais pelo Hamas para fins militares, como esconderijos de armas e t\u00faneis. Segundo a professora, h\u00e1 evid\u00eancias abundantes de que o grupo terrorista transforma instala\u00e7\u00f5es civis em alvos, colocando a pr\u00f3pria popula\u00e7\u00e3o palestina em risco. Contudo, o relat\u00f3rio da ONU, em vez de condenar essas a\u00e7\u00f5es, critica as opera\u00e7\u00f5es israelenses que visam desmantelar essa rede de terror.\n<\/p>\n<p>Outro ponto pol\u00eamico do documento \u00e9 a compara\u00e7\u00e3o das a\u00e7\u00f5es de Israel com crimes nazistas, ao afirmar que as opera\u00e7\u00f5es israelenses podem constituir genoc\u00eddio. Bayefsky, no entanto, argumenta que a ONU ignora o fato de que o pr\u00f3prio Hamas possui como objetivo declarado a destrui\u00e7\u00e3o do Estado de Israel, o que, segundo ela, configura genoc\u00eddio em sua ess\u00eancia.\n<\/p>\n<p>As cr\u00edticas ao relat\u00f3rio reacendem o debate sobre o antissemitismo presente em algumas inst\u00e2ncias da ONU, acusada por Israel de ter uma postura desproporcionalmente cr\u00edtica ao pa\u00eds. Segundo Bayefsky, \u00e9 necess\u00e1rio que os respons\u00e1veis pelo relat\u00f3rio sejam \u201cresponsabilizados por incita\u00e7\u00e3o ao terrorismo e dissemina\u00e7\u00e3o de antissemitismo letal\u201d.\n<\/p>\n<p>Fonte: O antagonista <\/p>\n<\/div>\n<p><br \/>\n<br \/><a href=\"https:\/\/diariodobrasilnoticias.com.br\/noticia\/onu-acusa-israel-de-genocidio-e-causa-revolta-entre-especialistas-confira-6708f64ce0ae7\">Source link <\/a><\/p>","protected":false},"excerpt":{"rendered":"<p>Um relat\u00f3rio da Organiza\u00e7\u00e3o das Na\u00e7\u00f5es Unidas gerou revolta entre especialistas ao responsabilizar Israel pelas condi\u00e7\u00f5es humanit\u00e1rias em Gaza, ignorando as atrocidades cometidas pelo Hamas. A professora Anne Bayefsky, diretora&hellip;<\/p>","protected":false},"author":1,"featured_media":47152,"comment_status":"closed","ping_status":"open","sticky":false,"template":"","format":"standard","meta":{"content-type":"","footnotes":""},"categories":[16],"tags":[123,2448,5313,1267],"class_list":["post-47151","post","type-post","status-publish","format-standard","has-post-thumbnail","hentry","category-noticias","tag-brasil","tag-diario","tag-noticia","tag-noticias"],"_links":{"self":[{"href":"https:\/\/tvbrazilusa.com\/pt\/wp-json\/wp\/v2\/posts\/47151","targetHints":{"allow":["GET"]}}],"collection":[{"href":"https:\/\/tvbrazilusa.com\/pt\/wp-json\/wp\/v2\/posts"}],"about":[{"href":"https:\/\/tvbrazilusa.com\/pt\/wp-json\/wp\/v2\/types\/post"}],"author":[{"embeddable":true,"href":"https:\/\/tvbrazilusa.com\/pt\/wp-json\/wp\/v2\/users\/1"}],"replies":[{"embeddable":true,"href":"https:\/\/tvbrazilusa.com\/pt\/wp-json\/wp\/v2\/comments?post=47151"}],"version-history":[{"count":1,"href":"https:\/\/tvbrazilusa.com\/pt\/wp-json\/wp\/v2\/posts\/47151\/revisions"}],"predecessor-version":[{"id":47153,"href":"https:\/\/tvbrazilusa.com\/pt\/wp-json\/wp\/v2\/posts\/47151\/revisions\/47153"}],"wp:featuredmedia":[{"embeddable":true,"href":"https:\/\/tvbrazilusa.com\/pt\/wp-json\/wp\/v2\/media\/47152"}],"wp:attachment":[{"href":"https:\/\/tvbrazilusa.com\/pt\/wp-json\/wp\/v2\/media?parent=47151"}],"wp:term":[{"taxonomy":"category","embeddable":true,"href":"https:\/\/tvbrazilusa.com\/pt\/wp-json\/wp\/v2\/categories?post=47151"},{"taxonomy":"post_tag","embeddable":true,"href":"https:\/\/tvbrazilusa.com\/pt\/wp-json\/wp\/v2\/tags?post=47151"}],"curies":[{"name":"wp","href":"https:\/\/api.w.org\/{rel}","templated":true}]}}