{"id":47154,"date":"2024-10-11T10:19:37","date_gmt":"2024-10-11T10:19:37","guid":{"rendered":"https:\/\/tvbrazilusa.com\/2024\/10\/11\/comentario-de-obama-sobre-trump-e-visto-como-piada-de-mau-gosto-e-gera-polemica\/"},"modified":"2024-10-11T10:19:39","modified_gmt":"2024-10-11T10:19:39","slug":"comentario-de-obama-sobre-trump-e-visto-como-piada-de-mau-gosto-e-gera-polemica","status":"publish","type":"post","link":"https:\/\/tvbrazilusa.com\/pt\/2024\/10\/11\/comentario-de-obama-sobre-trump-e-visto-como-piada-de-mau-gosto-e-gera-polemica\/","title":{"rendered":"Coment\u00e1rio de Obama sobre Trump \u00e9 visto como piada de mau gosto e gera pol\u00eamica"},"content":{"rendered":"<p> <script async src=\"https:\/\/pagead2.googlesyndication.com\/pagead\/js\/adsbygoogle.js?client=ca-pub-8864793242727901\"\r\n     crossorigin=\"anonymous\"><\/script><br \/>\n<\/p>\n<div id=\"taboola-read-more\" style=\"display:block; width:100%\">\n<p>O ex-presidente Barack Obama gerou uma onda de rea\u00e7\u00f5es nas redes sociais ap\u00f3s fazer uma piada pol\u00eamica sobre Donald Trump, 78, durante um evento de campanha para Kamala Harris, nesta quinta-feira, 10, na Universidade de Pittsburgh. Em seu primeiro ato solo em apoio \u00e0 candidata democrata, Obama fez uma refer\u00eancia jocosa a fraldas geri\u00e1tricas ao mencionar o ex-presidente republicano.\n<\/p>\n<p>No discurso, Obama lembrou das dificuldades de criar filhos, mencionando o pre\u00e7o elevado das fraldas. Nesse momento, um membro da plateia gritou: \u201cAs dele!\u201d, referindo-se a Trump. Obama riu e respondeu: \u201cQuase disse isso, mas achei melhor n\u00e3o\u201d, provocando gargalhadas no p\u00fablico.<\/p>\n<p>Por\u00e9m, a rea\u00e7\u00e3o nas redes sociais foi mista. Em plataformas como X (antigo Twitter), muitos criticaram o tom do coment\u00e1rio, apontando para a falta de respeito com a idade de Trump e a poss\u00edvel insensibilidade em rela\u00e7\u00e3o \u00e0s pessoas que realmente precisam usar fraldas geri\u00e1tricas.\n<\/p>\n<p>Um usu\u00e1rio destacou ironicamente: \u201cObama sabe bem sobre trocar fraldas. Ele faz isso com Joe Biden\u201d. Outro comentou: \u201cObama est\u00e1 desconectado dos problemas reais dos americanos. As pessoas est\u00e3o preocupadas com o custo de vida, n\u00e3o com piadas infantis\u201d.\n<\/p>\n<p>Obama tamb\u00e9m criticou Trump por vender produtos durante sua campanha, incluindo \u201ct\u00eanis dourados\u201d e uma \u201cB\u00edblia Trump\u201d. Segundo o ex-presidente, essas atitudes s\u00e3o \u201ctentativas constantes de vender coisas\u201d e comparou os discursos longos de Trump com \u201cserm\u00f5es de Fidel Castro\u201d.\n<\/p>\n<p>O discurso, que durou 45 minutos, visava fortalecer a candidatura de Kamala Harris em estados decisivos como a Pensilv\u00e2nia, onde a disputa para as elei\u00e7\u00f5es de 2024 est\u00e1 acirrada.\n<\/p>\n<p>Fonte: O antagonista <\/p>\n<\/div>\n<p><br \/>\n<br \/><a href=\"https:\/\/diariodobrasilnoticias.com.br\/noticia\/comentario-de-obama-sobre-trump-e-visto-como-piada-de-mau-gosto-e-gera-polemica-6708f9c19d8c6\">Source link <\/a><\/p>","protected":false},"excerpt":{"rendered":"<p>O ex-presidente Barack Obama gerou uma onda de rea\u00e7\u00f5es nas redes sociais ap\u00f3s fazer uma piada pol\u00eamica sobre Donald Trump, 78, durante um evento de campanha para Kamala Harris, nesta&hellip;<\/p>","protected":false},"author":1,"featured_media":47155,"comment_status":"closed","ping_status":"open","sticky":false,"template":"","format":"standard","meta":{"content-type":"","footnotes":""},"categories":[16],"tags":[123,2448,5313,1267],"class_list":["post-47154","post","type-post","status-publish","format-standard","has-post-thumbnail","hentry","category-noticias","tag-brasil","tag-diario","tag-noticia","tag-noticias"],"_links":{"self":[{"href":"https:\/\/tvbrazilusa.com\/pt\/wp-json\/wp\/v2\/posts\/47154","targetHints":{"allow":["GET"]}}],"collection":[{"href":"https:\/\/tvbrazilusa.com\/pt\/wp-json\/wp\/v2\/posts"}],"about":[{"href":"https:\/\/tvbrazilusa.com\/pt\/wp-json\/wp\/v2\/types\/post"}],"author":[{"embeddable":true,"href":"https:\/\/tvbrazilusa.com\/pt\/wp-json\/wp\/v2\/users\/1"}],"replies":[{"embeddable":true,"href":"https:\/\/tvbrazilusa.com\/pt\/wp-json\/wp\/v2\/comments?post=47154"}],"version-history":[{"count":1,"href":"https:\/\/tvbrazilusa.com\/pt\/wp-json\/wp\/v2\/posts\/47154\/revisions"}],"predecessor-version":[{"id":47156,"href":"https:\/\/tvbrazilusa.com\/pt\/wp-json\/wp\/v2\/posts\/47154\/revisions\/47156"}],"wp:featuredmedia":[{"embeddable":true,"href":"https:\/\/tvbrazilusa.com\/pt\/wp-json\/wp\/v2\/media\/47155"}],"wp:attachment":[{"href":"https:\/\/tvbrazilusa.com\/pt\/wp-json\/wp\/v2\/media?parent=47154"}],"wp:term":[{"taxonomy":"category","embeddable":true,"href":"https:\/\/tvbrazilusa.com\/pt\/wp-json\/wp\/v2\/categories?post=47154"},{"taxonomy":"post_tag","embeddable":true,"href":"https:\/\/tvbrazilusa.com\/pt\/wp-json\/wp\/v2\/tags?post=47154"}],"curies":[{"name":"wp","href":"https:\/\/api.w.org\/{rel}","templated":true}]}}