{"id":47157,"date":"2024-10-11T10:34:39","date_gmt":"2024-10-11T10:34:39","guid":{"rendered":"https:\/\/tvbrazilusa.com\/2024\/10\/11\/uniao-europeia-aponta-aumento-da-poluicao-no-brasil-durante-o-governo-lula\/"},"modified":"2024-10-11T10:34:40","modified_gmt":"2024-10-11T10:34:40","slug":"uniao-europeia-aponta-aumento-da-poluicao-no-brasil-durante-o-governo-lula","status":"publish","type":"post","link":"https:\/\/tvbrazilusa.com\/pt\/2024\/10\/11\/uniao-europeia-aponta-aumento-da-poluicao-no-brasil-durante-o-governo-lula\/","title":{"rendered":"Uni\u00e3o Europeia aponta aumento da polui\u00e7\u00e3o no Brasil durante o governo Lula"},"content":{"rendered":"<p> <script async src=\"https:\/\/pagead2.googlesyndication.com\/pagead\/js\/adsbygoogle.js?client=ca-pub-8864793242727901\"\r\n     crossorigin=\"anonymous\"><\/script><br \/>\n<\/p>\n<div id=\"taboola-read-more\" style=\"display:block; width:100%\">\n<p>Relat\u00f3rio do principal \u00f3rg\u00e3o da Uni\u00e3o Europeia encarregado dos dados sobre a emiss\u00e3o de gases de efeito estufa (GHG) aponta crescimento na polui\u00e7\u00e3o no Brasil entre 2022, \u00faltimo ano do governo Bolsonaro, e 2023, primeiro ano de Lula (PT), Marina Silva e cia. Segundo o relat\u00f3rio 2024 da Base de Dados de Emiss\u00f5es para Pesquisas Atmosf\u00e9ricas Globais (EDGAR em ingl\u00eas), entre os grandes poluidores, apenas China, \u00cdndia, R\u00fassia e Brasil aumentaram suas emiss\u00f5es em compara\u00e7\u00e3o a 2022.\n<\/p>\n<p>O Brasil emitiu 1,7 milh\u00e3o de toneladas de CO2 (ou gases GHG equivalentes) a mais em 2023, em rela\u00e7\u00e3o a 2022, crescimento de 0,1%.<\/p>\n<p>A China \u00e9, de longe, o pa\u00eds que mais polui: emitiu 30,1% de todos os gases de efeito estufa do mundo, no ano (+5,2% s\u00f3 em 2023).\n<\/p>\n<p>Entre os grandes, o Brasil \u00e9 o pa\u00eds que menos polui: \u00e9 respons\u00e1vel por s\u00f3 2,5% do total de emiss\u00f5es totais. Indon\u00e9sia responde por 2,3%.\n<\/p>\n<p>Estados Unidos (-1,4%) e Uni\u00e3o Europeia, sem o Reino Unido (-7,5%), polu\u00edram menos em 2023 ante 2022 e s\u00e3o 2\u00ba e 3\u00ba maiores poluidores.\n<\/p>\n<p>Com informa\u00e7\u00f5es de coluna Cl\u00e1uio Humberto, Di\u00e1rio do Poder <\/p>\n<\/div>\n<p><br \/>\n<br \/><a href=\"https:\/\/diariodobrasilnoticias.com.br\/noticia\/uniao-europeia-aponta-aumento-da-poluicao-no-brasil-durante-o-governo-lula-6708fc1cf30bc\">Source link <\/a><\/p>","protected":false},"excerpt":{"rendered":"<p>Relat\u00f3rio do principal \u00f3rg\u00e3o da Uni\u00e3o Europeia encarregado dos dados sobre a emiss\u00e3o de gases de efeito estufa (GHG) aponta crescimento na polui\u00e7\u00e3o no Brasil entre 2022, \u00faltimo ano do&hellip;<\/p>","protected":false},"author":1,"featured_media":47158,"comment_status":"closed","ping_status":"open","sticky":false,"template":"","format":"standard","meta":{"content-type":"","footnotes":""},"categories":[16],"tags":[123,2448,5313,1267],"class_list":["post-47157","post","type-post","status-publish","format-standard","has-post-thumbnail","hentry","category-noticias","tag-brasil","tag-diario","tag-noticia","tag-noticias"],"_links":{"self":[{"href":"https:\/\/tvbrazilusa.com\/pt\/wp-json\/wp\/v2\/posts\/47157","targetHints":{"allow":["GET"]}}],"collection":[{"href":"https:\/\/tvbrazilusa.com\/pt\/wp-json\/wp\/v2\/posts"}],"about":[{"href":"https:\/\/tvbrazilusa.com\/pt\/wp-json\/wp\/v2\/types\/post"}],"author":[{"embeddable":true,"href":"https:\/\/tvbrazilusa.com\/pt\/wp-json\/wp\/v2\/users\/1"}],"replies":[{"embeddable":true,"href":"https:\/\/tvbrazilusa.com\/pt\/wp-json\/wp\/v2\/comments?post=47157"}],"version-history":[{"count":1,"href":"https:\/\/tvbrazilusa.com\/pt\/wp-json\/wp\/v2\/posts\/47157\/revisions"}],"predecessor-version":[{"id":47159,"href":"https:\/\/tvbrazilusa.com\/pt\/wp-json\/wp\/v2\/posts\/47157\/revisions\/47159"}],"wp:featuredmedia":[{"embeddable":true,"href":"https:\/\/tvbrazilusa.com\/pt\/wp-json\/wp\/v2\/media\/47158"}],"wp:attachment":[{"href":"https:\/\/tvbrazilusa.com\/pt\/wp-json\/wp\/v2\/media?parent=47157"}],"wp:term":[{"taxonomy":"category","embeddable":true,"href":"https:\/\/tvbrazilusa.com\/pt\/wp-json\/wp\/v2\/categories?post=47157"},{"taxonomy":"post_tag","embeddable":true,"href":"https:\/\/tvbrazilusa.com\/pt\/wp-json\/wp\/v2\/tags?post=47157"}],"curies":[{"name":"wp","href":"https:\/\/api.w.org\/{rel}","templated":true}]}}