{"id":47160,"date":"2024-10-11T10:46:17","date_gmt":"2024-10-11T10:46:17","guid":{"rendered":"https:\/\/tvbrazilusa.com\/2024\/10\/11\/esconderijo-do-traficante-peixao-possui-uma-placa-de-projeto-social-mencionando-parlamentares\/"},"modified":"2024-10-11T10:46:19","modified_gmt":"2024-10-11T10:46:19","slug":"esconderijo-do-traficante-peixao-possui-uma-placa-de-projeto-social-mencionando-parlamentares","status":"publish","type":"post","link":"https:\/\/tvbrazilusa.com\/pt\/2024\/10\/11\/esconderijo-do-traficante-peixao-possui-uma-placa-de-projeto-social-mencionando-parlamentares\/","title":{"rendered":"Esconderijo do traficante Peix\u00e3o possui uma placa de projeto social mencionando parlamentares"},"content":{"rendered":"<p> <script async src=\"https:\/\/pagead2.googlesyndication.com\/pagead\/js\/adsbygoogle.js?client=ca-pub-8864793242727901\"\r\n     crossorigin=\"anonymous\"><\/script><br \/>\n<\/p>\n<p>Informa\u00e7\u00f5es do setor de intelig\u00eancia da Pol\u00edcia Civil apontam que \u00c1lvaro Malaquias Santa Rosa, o Peix\u00e3o, pernoitou em um im\u00f3vel de luxo, com lago artificial e piscina, no Complexo de Israel, na Zona Norte. A regi\u00e3o foi alvo de uma opera\u00e7\u00e3o policial nesta quinta-feira, mas, ao chegar na resid\u00eancia, localizada em Parada de Lucas, Peix\u00e3o j\u00e1 havia fugido. Na entrada do local, uma placa indicava que ali funciona o &#8220;Projeto social da crian\u00e7a ao idoso&#8221;, que seria realizado por Dani Cunha e Ulisses Marins, deputada federal e vereador do Rio, respectivamente, ambos pelo Uni\u00e3o Brasil, al\u00e9m do deputado estadual Val Ceasa (PRD). Dani e Val afirmam desconhecer o projeto que, segundo informa\u00e7\u00f5es preliminares da pol\u00edcia, \u00e9 de fachada.\n<\/p>\n<div data-block-type=\"unstyled\" data-block-weight=\"57\">\n<p class=\"content-text__container\" data-track-category=\"Link no Texto\" data-track-links=\"data-track-links\">Na opera\u00e7\u00e3o desta quinta-feira, realizada por agentes das pol\u00edcias Civil e Militar, oito suspeitos foram presos, al\u00e9m da apreens\u00e3o de drogas e armas. No entanto, Peix\u00e3o \u2014 detentor de 37 anota\u00e7\u00f5es criminais e que tem atua\u00e7\u00e3o caracterizada pelo roubo de cargas na regi\u00e3o, al\u00e9m de tr\u00e1fico de drogas e homic\u00eddios por intoler\u00e2ncia religiosa \u2014 segue foragido.<\/p>\n<\/div>\n<div data-block-type=\"unstyled\" data-block-weight=\"36\">\n<p class=\"content-text__container\" data-track-category=\"Link no Texto\" data-track-links=\"data-track-links\">F\u00e1bio Asty, delegado titular da Delegacia de Roubos e Furtos de Cargas (DRFC), especializada que conduziu a investiga\u00e7\u00e3o, observa que os parlamentares mencionados na placa n\u00e3o ser\u00e3o inclu\u00eddos na investiga\u00e7\u00e3o, que prossegue de forma sigilosa.\n<\/p>\n<p>Procurado, o deputado estadual Val Ceasa (PRD) informou desconhecer o projeto, afirmando que nunca foi ao local em que est\u00e1 instalado. J\u00e1 a deputada federal Dani Cunha (Uni\u00e3o), filha do ex-presidente da C\u00e2mara dos Deputados Eduardo Cunha (Republicanos), tamb\u00e9m informa desconhecer o projeto.\n<\/p>\n<p>&#8220;Desconhe\u00e7o o im\u00f3vel e o referido projeto, que n\u00e3o tem qualquer participa\u00e7\u00e3o minha. N\u00e3o tenho trabalhos em conjunto com o vereador Ulisses&#8221; Marins, explica a parlamentar. Segundo ela, neste pleito, inclusive, ela apoiou outro candidato a vereador na regi\u00e3o: Robson Tavares (Republicanos), que n\u00e3o foi eleito.\n<\/p>\n<p>At\u00e9 a publica\u00e7\u00e3o da reportagem, n\u00e3o recebemos um posicionamento do vereador Ulisses Marins (Uni\u00e3o).\n<\/p>\n<p>O\u00e1sis de luxo<br \/>No im\u00f3vel em que funcionaria o projeto, al\u00e9m de um lago artificial na \u00e1rea de lazer, h\u00e1 dezenas de palmeiras na entrada do im\u00f3vel, assim como uma esp\u00e9cie de guarda-sol, feito com palhas. Enquanto algumas casas da vizinhan\u00e7a sequer t\u00eam embo\u00e7o nas paredes, a propriedade usada por Peix\u00e3o tem suas laterais com gramados, al\u00e9m de jardins cercando os muros. Pedras naturais tamb\u00e9m s\u00e3o usadas para a decora\u00e7\u00e3o.\n<\/p>\n<p>O lago artificial, que tem uma bomba para manter a \u00e1gua tratada, \u00e9 extenso. Depois dele, o quintal ainda \u00e9 ocupado por uma piscina, um mini campo de futebol e \u00e1rea coberta, que abriga a churrasqueira.\n<\/p>\n<p>\u2014 \u00c9 uma estrutura de o\u00e1sis de luxo, com lago artificial, carpas, academia de gin\u00e1stica, areia de praia. Uma propriedade bastante suntuosa que era usada por \u00c1lvaro Malaquias Santa Rosa, vulgo Peix\u00e3o, e, por pouco tempo, a gente n\u00e3o conseguiu capturar e prend\u00ea-lo \u2014 afirmou F\u00e1bio Asty.\n<\/p>\n<p>Fonte: O Globo\n<\/p>\n<\/div>\n<p><br \/>\n<br \/><a href=\"https:\/\/diariodobrasilnoticias.com.br\/noticia\/esconderijo-do-traficante-peixao-possui-uma-placa-de-projeto-social-mencionando-parlamentares-670900a39e7bb\">Source link <\/a><\/p>","protected":false},"excerpt":{"rendered":"<p>Informa\u00e7\u00f5es do setor de intelig\u00eancia da Pol\u00edcia Civil apontam que \u00c1lvaro Malaquias Santa Rosa, o Peix\u00e3o, pernoitou em um im\u00f3vel de luxo, com lago artificial e piscina, no Complexo de&hellip;<\/p>","protected":false},"author":1,"featured_media":47161,"comment_status":"closed","ping_status":"open","sticky":false,"template":"","format":"standard","meta":{"content-type":"","footnotes":""},"categories":[16],"tags":[123,2448,5313,1267],"class_list":["post-47160","post","type-post","status-publish","format-standard","has-post-thumbnail","hentry","category-noticias","tag-brasil","tag-diario","tag-noticia","tag-noticias"],"_links":{"self":[{"href":"https:\/\/tvbrazilusa.com\/pt\/wp-json\/wp\/v2\/posts\/47160","targetHints":{"allow":["GET"]}}],"collection":[{"href":"https:\/\/tvbrazilusa.com\/pt\/wp-json\/wp\/v2\/posts"}],"about":[{"href":"https:\/\/tvbrazilusa.com\/pt\/wp-json\/wp\/v2\/types\/post"}],"author":[{"embeddable":true,"href":"https:\/\/tvbrazilusa.com\/pt\/wp-json\/wp\/v2\/users\/1"}],"replies":[{"embeddable":true,"href":"https:\/\/tvbrazilusa.com\/pt\/wp-json\/wp\/v2\/comments?post=47160"}],"version-history":[{"count":1,"href":"https:\/\/tvbrazilusa.com\/pt\/wp-json\/wp\/v2\/posts\/47160\/revisions"}],"predecessor-version":[{"id":47162,"href":"https:\/\/tvbrazilusa.com\/pt\/wp-json\/wp\/v2\/posts\/47160\/revisions\/47162"}],"wp:featuredmedia":[{"embeddable":true,"href":"https:\/\/tvbrazilusa.com\/pt\/wp-json\/wp\/v2\/media\/47161"}],"wp:attachment":[{"href":"https:\/\/tvbrazilusa.com\/pt\/wp-json\/wp\/v2\/media?parent=47160"}],"wp:term":[{"taxonomy":"category","embeddable":true,"href":"https:\/\/tvbrazilusa.com\/pt\/wp-json\/wp\/v2\/categories?post=47160"},{"taxonomy":"post_tag","embeddable":true,"href":"https:\/\/tvbrazilusa.com\/pt\/wp-json\/wp\/v2\/tags?post=47160"}],"curies":[{"name":"wp","href":"https:\/\/api.w.org\/{rel}","templated":true}]}}