{"id":47174,"date":"2024-10-11T11:52:32","date_gmt":"2024-10-11T11:52:32","guid":{"rendered":"https:\/\/tvbrazilusa.com\/2024\/10\/11\/incrivel-tesla-revela-robovan-van-autonoma-de-transporte-de-passageiros-veja-o-video\/"},"modified":"2024-10-11T11:52:33","modified_gmt":"2024-10-11T11:52:33","slug":"incrivel-tesla-revela-robovan-van-autonoma-de-transporte-de-passageiros-veja-o-video","status":"publish","type":"post","link":"https:\/\/tvbrazilusa.com\/pt\/2024\/10\/11\/incrivel-tesla-revela-robovan-van-autonoma-de-transporte-de-passageiros-veja-o-video\/","title":{"rendered":"Incr\u00edvel: Tesla revela Rob\u00f4van, van aut\u00f4noma de transporte de passageiros; VEJA O V\u00cdDEO"},"content":{"rendered":"<p> <script async src=\"https:\/\/pagead2.googlesyndication.com\/pagead\/js\/adsbygoogle.js?client=ca-pub-8864793242727901\"\r\n     crossorigin=\"anonymous\"><\/script><br \/>\n<br \/>Incr\u00edvel: Tesla revela Rob\u00f4van, van aut\u00f4noma de transporte de passageiros; VEJA O V\u00cdDEO<br \/>\n<br \/><br \/>\n<br \/><a href=\"https:\/\/diariodobrasilnoticias.com.br\/noticia\/incrivel-tesla-revela-robovan-van-autonoma-de-transporte-de-passageiros-veja-o-video-6708fb92a083e\">Source link <\/a><\/p>","protected":false},"excerpt":{"rendered":"<p>Incr\u00edvel: Tesla revela Rob\u00f4van, van aut\u00f4noma de transporte de passageiros; VEJA O V\u00cdDEO Source link<\/p>","protected":false},"author":1,"featured_media":47175,"comment_status":"closed","ping_status":"open","sticky":false,"template":"","format":"standard","meta":{"content-type":"","footnotes":""},"categories":[16],"tags":[123,2448,5313,1267],"class_list":["post-47174","post","type-post","status-publish","format-standard","has-post-thumbnail","hentry","category-noticias","tag-brasil","tag-diario","tag-noticia","tag-noticias"],"_links":{"self":[{"href":"https:\/\/tvbrazilusa.com\/pt\/wp-json\/wp\/v2\/posts\/47174","targetHints":{"allow":["GET"]}}],"collection":[{"href":"https:\/\/tvbrazilusa.com\/pt\/wp-json\/wp\/v2\/posts"}],"about":[{"href":"https:\/\/tvbrazilusa.com\/pt\/wp-json\/wp\/v2\/types\/post"}],"author":[{"embeddable":true,"href":"https:\/\/tvbrazilusa.com\/pt\/wp-json\/wp\/v2\/users\/1"}],"replies":[{"embeddable":true,"href":"https:\/\/tvbrazilusa.com\/pt\/wp-json\/wp\/v2\/comments?post=47174"}],"version-history":[{"count":1,"href":"https:\/\/tvbrazilusa.com\/pt\/wp-json\/wp\/v2\/posts\/47174\/revisions"}],"predecessor-version":[{"id":47176,"href":"https:\/\/tvbrazilusa.com\/pt\/wp-json\/wp\/v2\/posts\/47174\/revisions\/47176"}],"wp:featuredmedia":[{"embeddable":true,"href":"https:\/\/tvbrazilusa.com\/pt\/wp-json\/wp\/v2\/media\/47175"}],"wp:attachment":[{"href":"https:\/\/tvbrazilusa.com\/pt\/wp-json\/wp\/v2\/media?parent=47174"}],"wp:term":[{"taxonomy":"category","embeddable":true,"href":"https:\/\/tvbrazilusa.com\/pt\/wp-json\/wp\/v2\/categories?post=47174"},{"taxonomy":"post_tag","embeddable":true,"href":"https:\/\/tvbrazilusa.com\/pt\/wp-json\/wp\/v2\/tags?post=47174"}],"curies":[{"name":"wp","href":"https:\/\/api.w.org\/{rel}","templated":true}]}}