{"id":47188,"date":"2024-10-11T12:46:34","date_gmt":"2024-10-11T12:46:34","guid":{"rendered":"https:\/\/tvbrazilusa.com\/2024\/10\/11\/justica-torna-reu-o-neto-preso-por-arrancar-o-olho-e-desfigurar-o-avo\/"},"modified":"2024-10-11T12:46:35","modified_gmt":"2024-10-11T12:46:35","slug":"justica-torna-reu-o-neto-preso-por-arrancar-o-olho-e-desfigurar-o-avo","status":"publish","type":"post","link":"https:\/\/tvbrazilusa.com\/pt\/2024\/10\/11\/justica-torna-reu-o-neto-preso-por-arrancar-o-olho-e-desfigurar-o-avo\/","title":{"rendered":"Justi\u00e7a torna r\u00e9u o neto preso por arrancar o olho e desfigurar o av\u00f4"},"content":{"rendered":"<p> <script async src=\"https:\/\/pagead2.googlesyndication.com\/pagead\/js\/adsbygoogle.js?client=ca-pub-8864793242727901\"\r\n     crossorigin=\"anonymous\"><\/script><br \/>\n<\/p>\n<div id=\"taboola-read-more\" style=\"display:block; width:100%\">\n<p>Um jovem identificado como Hariel Borges da Silva, de 18 anos, virou r\u00e9u por ter arrancado um olho e desfigurado o rosto do av\u00f4. Na \u00faltima ter\u00e7a-feira (8), o juiz Alexandre Betini, da Vara do J\u00fari e Execu\u00e7\u00f5es Criminais da comarca de Santos, recebeu a den\u00fancia do Minist\u00e9rio P\u00fablico de S\u00e3o Paulo (MP-SP) e estabeleceu um prazo de dez dias para que o acusado se manifeste.\n<\/p>\n<p>A v\u00edtima foi identificada como Oswaldi da Silva, de 77 anos. O crime aconteceu em julho, no apartamento onde av\u00f4 e neto moravam, em Santos (SP).<\/p>\n<p>Ao ser encontrado pela pol\u00edcia, no local e dia do crime, o jovem teve que ser contido com com uma arma de choque. Ele foi detido por tentativa de homic\u00eddio duplamente qualificado e seguir\u00e1 assim at\u00e9 decis\u00e3o judicial.\n<\/p>\n<p>J\u00e1 o av\u00f4 chegou a passar mais de 10 dias internado na Santa Casa de Santos at\u00e9 receber alta m\u00e9dica, em agosto.\n<\/p>\n<p>No fim de setembro, o MP-SP ofereceu a den\u00fancia contra Hariel e solicitou ainda a instaura\u00e7\u00e3o de \u201cincidente de insanidade mental\u201d dele, o que tamb\u00e9m foi deferido, na \u00faltima ter\u00e7a, pelo juiz.\n<\/p>\n<p>A delegada Liliane Lopes Doretto, titular do 3\u00b0 Distrito Policial (DP), revelou que o idoso havia descoberto que o neto estava fumando maconha e desaprovava o h\u00e1bito. Fora isso, o jovem n\u00e3o gostava do fato de o av\u00f4 ter seguido a vida ap\u00f3s a morte da av\u00f3, que ocorreu h\u00e1 um ano e meio.\n<\/p>\n<p>Na tarde do crime, o jovem teria manifestado o desejo de pegar o carro do idoso emprestado, mas teve o pedido negado. Ele confessou que estava sob efeito da maconha e que ouviu vozes antes do ataque.\n<\/p>\n<p>Para a delegada, o THC, subst\u00e2ncia presente na maconha, pode ter atuado como um gatilho para o jovem, levando a um surto. As informa\u00e7\u00f5es s\u00e3o do G1.\n<\/p>\n<p>Fonte: Pleno News <\/p>\n<\/div>\n<p><br \/>\n<br \/><a href=\"https:\/\/diariodobrasilnoticias.com.br\/noticia\/justica-torna-reu-o-neto-preso-por-arrancar-o-olho-e-desfigurar-o-avo-6709000ac5afa\">Source link <\/a><\/p>","protected":false},"excerpt":{"rendered":"<p>Um jovem identificado como Hariel Borges da Silva, de 18 anos, virou r\u00e9u por ter arrancado um olho e desfigurado o rosto do av\u00f4. Na \u00faltima ter\u00e7a-feira (8), o juiz&hellip;<\/p>","protected":false},"author":1,"featured_media":47189,"comment_status":"closed","ping_status":"open","sticky":false,"template":"","format":"standard","meta":{"content-type":"","footnotes":""},"categories":[16],"tags":[123,2448,5313,1267],"class_list":["post-47188","post","type-post","status-publish","format-standard","has-post-thumbnail","hentry","category-noticias","tag-brasil","tag-diario","tag-noticia","tag-noticias"],"_links":{"self":[{"href":"https:\/\/tvbrazilusa.com\/pt\/wp-json\/wp\/v2\/posts\/47188","targetHints":{"allow":["GET"]}}],"collection":[{"href":"https:\/\/tvbrazilusa.com\/pt\/wp-json\/wp\/v2\/posts"}],"about":[{"href":"https:\/\/tvbrazilusa.com\/pt\/wp-json\/wp\/v2\/types\/post"}],"author":[{"embeddable":true,"href":"https:\/\/tvbrazilusa.com\/pt\/wp-json\/wp\/v2\/users\/1"}],"replies":[{"embeddable":true,"href":"https:\/\/tvbrazilusa.com\/pt\/wp-json\/wp\/v2\/comments?post=47188"}],"version-history":[{"count":1,"href":"https:\/\/tvbrazilusa.com\/pt\/wp-json\/wp\/v2\/posts\/47188\/revisions"}],"predecessor-version":[{"id":47190,"href":"https:\/\/tvbrazilusa.com\/pt\/wp-json\/wp\/v2\/posts\/47188\/revisions\/47190"}],"wp:featuredmedia":[{"embeddable":true,"href":"https:\/\/tvbrazilusa.com\/pt\/wp-json\/wp\/v2\/media\/47189"}],"wp:attachment":[{"href":"https:\/\/tvbrazilusa.com\/pt\/wp-json\/wp\/v2\/media?parent=47188"}],"wp:term":[{"taxonomy":"category","embeddable":true,"href":"https:\/\/tvbrazilusa.com\/pt\/wp-json\/wp\/v2\/categories?post=47188"},{"taxonomy":"post_tag","embeddable":true,"href":"https:\/\/tvbrazilusa.com\/pt\/wp-json\/wp\/v2\/tags?post=47188"}],"curies":[{"name":"wp","href":"https:\/\/api.w.org\/{rel}","templated":true}]}}