{"id":4719,"date":"2024-07-20T20:58:30","date_gmt":"2024-07-20T20:58:30","guid":{"rendered":"https:\/\/tvbrazilusa.com\/2024\/07\/20\/secretario-dos-eua-afirma-que-ira-e-capaz-de-desenvolver-material-para-arma-nuclear-em-1-ou-2-semanas\/"},"modified":"2024-07-20T21:02:31","modified_gmt":"2024-07-20T21:02:31","slug":"secretario-dos-eua-afirma-que-ira-e-capaz-de-desenvolver-material-para-arma-nuclear-em-1-ou-2-semanas","status":"publish","type":"post","link":"https:\/\/tvbrazilusa.com\/pt\/2024\/07\/20\/secretario-dos-eua-afirma-que-ira-e-capaz-de-desenvolver-material-para-arma-nuclear-em-1-ou-2-semanas\/","title":{"rendered":"Secret\u00e1rio dos EUA afirma que Ir\u00e3 \u00e9 capaz de desenvolver material para arma nuclear em 1 ou 2 semanas"},"content":{"rendered":"<p> <script async src=\"https:\/\/pagead2.googlesyndication.com\/pagead\/js\/adsbygoogle.js?client=ca-pub-8864793242727901\"\r\n     crossorigin=\"anonymous\"><\/script><br \/>\n<\/p>\n<div>\n<p>Foto: Reprodu\u00e7\u00e3o\/Reuters.<\/p>\n<p>Na recente declara\u00e7\u00e3o feita por Antony Blinken, secret\u00e1rio de Estado dos Estados Unidos, no F\u00f3rum de Seguran\u00e7a de Aspen, emergem novas inquieta\u00e7\u00f5es sobre a capacidade nuclear do Ir\u00e3. Segundo Blinken, o tempo necess\u00e1rio para que o Ir\u00e3 produza material f\u00edssil suficiente para uma arma nuclear est\u00e1 agora alarmantemente curto, variando entre uma e duas semanas. Este per\u00edodo, conhecido como \u201ctempo de arranque\u201d, \u00e9 o mais breve j\u00e1 registrado, sublinhando uma escalada consider\u00e1vel na capacidade nuclear iraniana.<\/p>\n<p>No decorrer dos \u00faltimos meses, o Ir\u00e3 tem tomado diversas a\u00e7\u00f5es para aumentar a produ\u00e7\u00e3o de material f\u00edssil. Isso acontece em um contexto onde as negocia\u00e7\u00f5es para revitalizar o acordo nuclear, do qual os EUA se retiraram em 2018, encontram-se estagnadas. Essas manobras complicam as rela\u00e7\u00f5es internacionais e ampliam as tens\u00f5es relacionadas \u00e0 prolifera\u00e7\u00e3o nuclear no Oriente M\u00e9dio.<\/p>\n<h2 class=\"wp-block-heading\">Qual \u00e9 a relev\u00e2ncia do \u201cTempo de Arranque\u201d em uma perspectiva nuclear?<\/h2>\n<p>O conceito de \u201ctempo de arranque\u201d \u00e9 um indicador crucial para entender o potencial militar de uma na\u00e7\u00e3o no que diz respeito \u00e0 tecnologia nuclear. Especificamente, refere-se ao tempo necess\u00e1rio para produzir a quantidade de material f\u00edssil requerida para o desenvolvimento de uma arma nuclear. Uma janela t\u00e3o curta como a que agora enfrentamos coloca a comunidade internacional em alerta m\u00e1ximo, pois a margem para a\u00e7\u00e3o diplom\u00e1tica e preventiva torna-se mais estreita.<\/p>\n<h2 class=\"wp-block-heading\">Rea\u00e7\u00f5es internacionais e medidas diplom\u00e1ticas<\/h2>\n<p>Em resposta a essa acelerada progress\u00e3o do programa nuclear do Ir\u00e3, os Estados Unidos, sob a administra\u00e7\u00e3o de Biden, t\u00eam tentado reativar as negocia\u00e7\u00f5es do acordo nuclear, embora sem sucesso at\u00e9 o momento. As falhas nas negocia\u00e7\u00f5es s\u00e3o, em parte, atribu\u00eddas \u00e0s \u201cexig\u00eancias irracionais\u201d do Ir\u00e3 e um impasse relacionado a investiga\u00e7\u00f5es de vest\u00edgios de ur\u00e2nio por parte da Ag\u00eancia Internacional de Energia At\u00f4mica (AIEA). O di\u00e1logo parece cada vez mais distante, especialmente com o Ir\u00e3 intensificando suas capacidades nucleares.<\/p>\n<h2 class=\"wp-block-heading\">O novo Governo Iraniano est\u00e1 aberto a negocia\u00e7\u00f5es?<\/h2>\n<p>Apesar das novas elei\u00e7\u00f5es no Ir\u00e3 e o advento de Masoud Pezeshkian como presidente eleito, poucas mudan\u00e7as s\u00e3o esperadas na pol\u00edtica nuclear iraniana. De acordo com Matthew Miller, porta-voz do Departamento de Estado dos EUA, as elei\u00e7\u00f5es provavelmente n\u00e3o desencadear\u00e3o \u201cuma mudan\u00e7a fundamental na dire\u00e7\u00e3o do Ir\u00e3 ou nas suas pol\u00edticas\u201d. As expectativas de uma abertura para a diplomacia e a renegocia\u00e7\u00e3o do acordo nuclear s\u00e3o, portanto, bastante conservadoras.<\/p>\n<p>Com o Ir\u00e3 e os EUA em um impasse cont\u00ednuo e o \u201ctempo de arranque\u201d cada vez mais curto, o cen\u00e1rio \u00e9 repleto de incertezas. A comunidade internacional permanece vigilante, acompanhando de perto as evolu\u00e7\u00f5es neste dossi\u00ea nuclear que tem potencial fortemente desestabilizador, n\u00e3o apenas para o Oriente M\u00e9dio mas para a seguran\u00e7a global.<\/p>\n<\/p><\/div>\n<p><br \/>\n<br \/><a href=\"https:\/\/terrabrasilnoticias.com\/2024\/07\/secretario-dos-eua-afirma-que-ira-e-capaz-de-desenvolver-material-para-arma-nuclear-em-1-ou-2-semanas\/\">Source link <\/a><\/p>","protected":false},"excerpt":{"rendered":"<p>Foto: Reprodu\u00e7\u00e3o\/Reuters. Na recente declara\u00e7\u00e3o feita por Antony Blinken, secret\u00e1rio de Estado dos Estados Unidos, no F\u00f3rum de Seguran\u00e7a de Aspen, emergem novas inquieta\u00e7\u00f5es sobre a capacidade nuclear do Ir\u00e3.&hellip;<\/p>","protected":false},"author":1,"featured_media":4720,"comment_status":"closed","ping_status":"open","sticky":false,"template":"","format":"standard","meta":{"content-type":"","footnotes":""},"categories":[16],"tags":[],"class_list":["post-4719","post","type-post","status-publish","format-standard","has-post-thumbnail","hentry","category-noticias"],"_links":{"self":[{"href":"https:\/\/tvbrazilusa.com\/pt\/wp-json\/wp\/v2\/posts\/4719","targetHints":{"allow":["GET"]}}],"collection":[{"href":"https:\/\/tvbrazilusa.com\/pt\/wp-json\/wp\/v2\/posts"}],"about":[{"href":"https:\/\/tvbrazilusa.com\/pt\/wp-json\/wp\/v2\/types\/post"}],"author":[{"embeddable":true,"href":"https:\/\/tvbrazilusa.com\/pt\/wp-json\/wp\/v2\/users\/1"}],"replies":[{"embeddable":true,"href":"https:\/\/tvbrazilusa.com\/pt\/wp-json\/wp\/v2\/comments?post=4719"}],"version-history":[{"count":1,"href":"https:\/\/tvbrazilusa.com\/pt\/wp-json\/wp\/v2\/posts\/4719\/revisions"}],"predecessor-version":[{"id":4721,"href":"https:\/\/tvbrazilusa.com\/pt\/wp-json\/wp\/v2\/posts\/4719\/revisions\/4721"}],"wp:featuredmedia":[{"embeddable":true,"href":"https:\/\/tvbrazilusa.com\/pt\/wp-json\/wp\/v2\/media\/4720"}],"wp:attachment":[{"href":"https:\/\/tvbrazilusa.com\/pt\/wp-json\/wp\/v2\/media?parent=4719"}],"wp:term":[{"taxonomy":"category","embeddable":true,"href":"https:\/\/tvbrazilusa.com\/pt\/wp-json\/wp\/v2\/categories?post=4719"},{"taxonomy":"post_tag","embeddable":true,"href":"https:\/\/tvbrazilusa.com\/pt\/wp-json\/wp\/v2\/tags?post=4719"}],"curies":[{"name":"wp","href":"https:\/\/api.w.org\/{rel}","templated":true}]}}