{"id":47214,"date":"2024-10-11T14:08:29","date_gmt":"2024-10-11T14:08:29","guid":{"rendered":"https:\/\/tvbrazilusa.com\/2024\/10\/11\/departamento-de-justica-dos-eua-esta-apurando-a-venda-de-cacas-suecos-ao-governo-de-lula\/"},"modified":"2024-10-11T14:08:30","modified_gmt":"2024-10-11T14:08:30","slug":"departamento-de-justica-dos-eua-esta-apurando-a-venda-de-cacas-suecos-ao-governo-de-lula","status":"publish","type":"post","link":"https:\/\/tvbrazilusa.com\/pt\/2024\/10\/11\/departamento-de-justica-dos-eua-esta-apurando-a-venda-de-cacas-suecos-ao-governo-de-lula\/","title":{"rendered":"Departamento de Justi\u00e7a dos EUA est\u00e1 apurando a venda de ca\u00e7as suecos ao governo de Lula"},"content":{"rendered":"<p> <script async src=\"https:\/\/pagead2.googlesyndication.com\/pagead\/js\/adsbygoogle.js?client=ca-pub-8864793242727901\"\r\n     crossorigin=\"anonymous\"><\/script><br \/>\n<\/p>\n<div id=\"taboola-read-more\" style=\"display:block; width:100%\">\n<p>O Departamento de Justi\u00e7a dos Estados Unidos abriu uma investiga\u00e7\u00e3o para apurar o contrato fechado pelo Brasil em 2014 para a compra de 36 ca\u00e7as militares do modelo Gripen. A apura\u00e7\u00e3o \u00e9 do blog de Fausto Macedo, do jornal O Estado de S. Paulo.\n<\/p>\n<p>A aquisi\u00e7\u00e3o militar \u00e9 considerada a maior da Am\u00e9rica Latina. O edital, de US$ 4,5 bilh\u00f5es, fez parte do chamado Projeto FX-2.<\/p>\n<p>A fabricante sueca de aeronaves Saab informou nesta quinta-feira, 10, que foi intimada a prestar esclarecimentos.\n<\/p>\n<p>Segundo apurou o blog, a companhia est\u00e1 disposta a cooperar com o Departamento de Justi\u00e7a dos Estados Unidos e fornecer as informa\u00e7\u00f5es solicitadas.\n<\/p>\n<p>\u201cAutoridades brasileiras e suecas j\u00e1 investigaram partes do processo de aquisi\u00e7\u00e3o dos ca\u00e7as\u201d, diz a empresa. \u201cAs investiga\u00e7\u00f5es foram encerradas sem indicar qualquer irregularidade por parte da Saab.\u201d\n<\/p>\n<p><strong>Presidente Lula foi denunciado por contrata\u00e7\u00e3o de empresa de ca\u00e7as<\/strong><br \/>O presidente Luiz In\u00e1cio Lula da Silva (PT) foi denunciado pelo Minist\u00e9rio P\u00fablico Federal (MPF) por suspeita de tr\u00e1fico de influ\u00eancia na contrata\u00e7\u00e3o. Ele j\u00e1 havia deixado a presid\u00eancia quando o contrato foi assinado.\n<\/p>\n<p>O petista sempre negou ter participado das negocia\u00e7\u00f5es do contrato. Quando a den\u00fancia veio a p\u00fablico, a defesa alegou que a investiga\u00e7\u00e3o tramitou \u201cde forma oculta\u201d.\n<\/p>\n<p>A Procuradoria da Rep\u00fablica no Distrito Federal, ao oferecer a den\u00fancia, afirmou que a compra das aeronaves e a posterga\u00e7\u00e3o de incentivos fiscais a montadoras foram autorizadas em troca de R$ 2,5 milh\u00f5es supostamente repassados a Luis Cl\u00e1udio, filho de Lula.\n<\/p>\n<p>O processo foi aberto em 2016, a partir das investiga\u00e7\u00f5es da Opera\u00e7\u00e3o Zelotes, mas n\u00e3o chegou a ter o m\u00e9rito julgado. Uma decis\u00e3o do ministro Ricardo Lewandowski, antes de sua aposentadoria no Supremo Tribunal Federal (STF), trancou a a\u00e7\u00e3o. Agora, Lewandowski \u00e9 ministro da Justi\u00e7a de Lula.\n<\/p>\n<p>Fonte: Revista Oeste <\/p>\n<\/div>\n<p><br \/>\n<br \/><a href=\"https:\/\/diariodobrasilnoticias.com.br\/noticia\/departamento-de-justica-dos-eua-esta-apurando-a-venda-de-cacas-suecos-ao-governo-de-lula-6709134dec310\">Source link <\/a><\/p>","protected":false},"excerpt":{"rendered":"<p>O Departamento de Justi\u00e7a dos Estados Unidos abriu uma investiga\u00e7\u00e3o para apurar o contrato fechado pelo Brasil em 2014 para a compra de 36 ca\u00e7as militares do modelo Gripen. A&hellip;<\/p>","protected":false},"author":1,"featured_media":47215,"comment_status":"closed","ping_status":"open","sticky":false,"template":"","format":"standard","meta":{"content-type":"","footnotes":""},"categories":[16],"tags":[123,2448,5313,1267],"class_list":["post-47214","post","type-post","status-publish","format-standard","has-post-thumbnail","hentry","category-noticias","tag-brasil","tag-diario","tag-noticia","tag-noticias"],"_links":{"self":[{"href":"https:\/\/tvbrazilusa.com\/pt\/wp-json\/wp\/v2\/posts\/47214","targetHints":{"allow":["GET"]}}],"collection":[{"href":"https:\/\/tvbrazilusa.com\/pt\/wp-json\/wp\/v2\/posts"}],"about":[{"href":"https:\/\/tvbrazilusa.com\/pt\/wp-json\/wp\/v2\/types\/post"}],"author":[{"embeddable":true,"href":"https:\/\/tvbrazilusa.com\/pt\/wp-json\/wp\/v2\/users\/1"}],"replies":[{"embeddable":true,"href":"https:\/\/tvbrazilusa.com\/pt\/wp-json\/wp\/v2\/comments?post=47214"}],"version-history":[{"count":1,"href":"https:\/\/tvbrazilusa.com\/pt\/wp-json\/wp\/v2\/posts\/47214\/revisions"}],"predecessor-version":[{"id":47216,"href":"https:\/\/tvbrazilusa.com\/pt\/wp-json\/wp\/v2\/posts\/47214\/revisions\/47216"}],"wp:featuredmedia":[{"embeddable":true,"href":"https:\/\/tvbrazilusa.com\/pt\/wp-json\/wp\/v2\/media\/47215"}],"wp:attachment":[{"href":"https:\/\/tvbrazilusa.com\/pt\/wp-json\/wp\/v2\/media?parent=47214"}],"wp:term":[{"taxonomy":"category","embeddable":true,"href":"https:\/\/tvbrazilusa.com\/pt\/wp-json\/wp\/v2\/categories?post=47214"},{"taxonomy":"post_tag","embeddable":true,"href":"https:\/\/tvbrazilusa.com\/pt\/wp-json\/wp\/v2\/tags?post=47214"}],"curies":[{"name":"wp","href":"https:\/\/api.w.org\/{rel}","templated":true}]}}