{"id":4722,"date":"2024-07-20T21:06:02","date_gmt":"2024-07-20T21:06:02","guid":{"rendered":"https:\/\/tvbrazilusa.com\/2024\/07\/20\/estadao-a-verdadeira-funcao-de-celso-amorim-e-ser-o-justificador-geral-dos-opressores-paulo-figueiredo\/"},"modified":"2024-07-20T21:17:15","modified_gmt":"2024-07-20T21:17:15","slug":"estadao-a-verdadeira-funcao-de-celso-amorim-e-ser-o-justificador-geral-dos-opressores-paulo-figueiredo","status":"publish","type":"post","link":"https:\/\/tvbrazilusa.com\/pt\/2024\/07\/20\/estadao-a-verdadeira-funcao-de-celso-amorim-e-ser-o-justificador-geral-dos-opressores-paulo-figueiredo\/","title":{"rendered":"Estad\u00e3o: A verdadeira fun\u00e7\u00e3o de Celso Amorim \u00e9 ser o justificador geral dos opressores &#8211; Paulo Figueiredo"},"content":{"rendered":"<p> <script async src=\"https:\/\/pagead2.googlesyndication.com\/pagead\/js\/adsbygoogle.js?client=ca-pub-8864793242727901\"\r\n     crossorigin=\"anonymous\"><\/script><br \/>\n<\/p>\n<div id=\"wtr-content\" data-bg=\"#FFFFFF\" data-fg=\"#006d91\" data-width=\"25\" data-mute=\"1\" data-fgopacity=\"1.00\" data-mutedopacity=\"0.5\" data-placement=\"bottom\" data-placement-offset=\"0\" data-content-offset=\"262\" data-placement-touch=\"bottom\" data-placement-offset-touch=\"0\" data-transparent=\"\" data-shadow=\"0\" data-touch=\"1\" data-non-touch=\"1\" data-comments=\"0\" data-commentsbg=\"transparent\" data-location=\"page\" data-mutedfg=\"#006d91\" data-endfg=\"#006d91\" data-rtl=\"\">\n<p>Celso Amorim como assessor internacional da Presid\u00eancia, frequentemente descrito como um \u201ch\u00e1bil negociador\u201d, tem se posicionado consistentemente ao lado de regimes autorit\u00e1rios e em defesa de a\u00e7\u00f5es que contrariam os princ\u00edpios democr\u00e1ticos. Essa postura \u00e9 frequentemente justificada sob a ret\u00f3rica de buscar a paz, que, na pr\u00e1tica, parece favorecer os tiranos em detrimento dos oprimidos.<\/p>\n<p><strong>Leia na \u00edntegra:<\/strong><\/p>\n<h3 class=\"wp-block-heading\">Tido como \u201ch\u00e1bil negociador\u201d, na verdade Amorim parece n\u00e3o perder a oportunidade de sempre se colocar do lado menos democr\u00e1tico dos acontecimentos<\/h3>\n<p>Em um governo que foi eleito, por pouco, se autoproclamando como defensor da democracia, \u00e9 evidentemente insensato n\u00f3s contarmos com um assessor internacional da Presid\u00eancia que, na pr\u00e1tica, \u00e9 o nosso justificador geral das ditaduras, das guerras fora do direito internacional, do desrespeito a minorias, e at\u00e9 mesmo do assassinato de mulheres ao redor do mundo. Tido como \u201ch\u00e1bil negociador\u201d, na verdade\u00a0Celso Amorim\u00a0parece n\u00e3o perder a oportunidade de sempre se colocar do lado menos democr\u00e1tico dos acontecimentos. Fica uma quest\u00e3o: o presidente\u00a0Lula\u00a0concorda ou n\u00e3o com seu assistente? Provavelmente sim, se n\u00e3o j\u00e1 o teria dispensado.<\/p>\n<p>Existe um padr\u00e3o. Se h\u00e1 em algum lugar no mundo em que a disputa \u00e9 entre uma for\u00e7a democr\u00e1tica e outra opressiva, o <strong>Brasil de Lula e de Amorim costuma escolher um lado: o dos ditadores ou dos antidemocr\u00e1ticos.<\/strong> Tudo isso sob a ret\u00f3rica de que procuram a paz. Paz para eles, na verdade, \u00e9 o triunfo dos tiranos sobre os oprimidos, dos iliberais sobre os liberais.<\/p>\n<p>Por coincid\u00eancia, na mesma semana em que os acrobatas morais se esfor\u00e7aram para dizer que\u00a0a frase do presidente Lula de que corintianos teriam um salvo conduto para agredir mulheres, o nosso diplomata Amorim resolveu relativizar o fato de que as mulheres vivem sob violenta opress\u00e3o no Ir\u00e3. Para justificar o injustific\u00e1vel resolveu atacar os Estados Unidos.<\/p>\n<p>\u201cEu n\u00e3o concordo com a forma como as mulheres s\u00e3o tratadas no Ir\u00e3, por exemplo, mas n\u00e3o concordo com a pena de morte, que ainda existe nos Estados Unidos\u201d, disse Amorim, no que foi rebatido imediatamente pelo ex-embaixador dos EUA na Organiza\u00e7\u00e3o para a Seguran\u00e7a e Coopera\u00e7\u00e3o na Europa, Dan Baer. Amorim teria cometido uma falsa equival\u00eancia que n\u00e3o seria moralmente respeit\u00e1vel, segundo seu interlocutor.<\/p>\n<p>O Ir\u00e3 \u00e9\u00a0o pa\u00eds em que em Mahsa Amini, de 22 anos, foi morta setembro de 2022 pelo crime de n\u00e3o usar v\u00e9u de maneira correta. Foi espancada com um peda\u00e7o de pau e seguidamente agredida dentro de um autom\u00f3vel da Patrulha de Orienta\u00e7\u00e3o, a pol\u00edcia de comportamento local. O assassinato causou uma onda indigna\u00e7\u00e3o a ponto de que uma multid\u00e3o de mulheres tirou os v\u00e9us e cortou o cabelo em locais p\u00fablico, sob intensa repress\u00e3o. O Ir\u00e3 \u00e9 tamb\u00e9m o pa\u00eds em que a pr\u00eamio Nobel da Paz\u00a0Narges Mohammadi\u00a0foi presa pela sua milit\u00e2ncia pelo direito das mulheres.<\/p>\n<p>Nada disso parece impressionar nosso justificador geral de abusos internacionais. Para ele \u00e9 mais f\u00e1cil colocar na conversa um suposto erro dos EUA ao inv\u00e9s de condenar os aiatol\u00e1s. Ali\u00e1s, desde quando um equ\u00edvoco de um pa\u00eds pode ser utilizado para justificar um equ\u00edvoco de outro? Nos EUA \u00e9 poss\u00edvel protestar contra a pena de morte e ir dormir em casa. No Ir\u00e3, a pol\u00edcia prende e pode matar quem protesta contra o uso obrigat\u00f3rio do hijab, o v\u00e9u mul\u00e7umano, sobretudo se for uma mulher.<\/p>\n<p>Ainda nesta mesma semana, nosso \u201cjustificador geral de autocratas com quem concorda ideologicamente\u201d resolveu amaciar para a seguinte frase do ditador\u00a0Nicolas Maduro: \u201cO destino da Venezuela no s\u00e9culo 21 depende da nossa vit\u00f3ria em 28 de julho.\u00a0Se n\u00e3o quiserem que a Venezuela caia em um banho de sangue civil fratricida, produto dos fascistas, garantamos o maior \u00eaxito\u201d. Nosso justificador tentou uma acrobacia ret\u00f3rica para atenuar a amea\u00e7a de banho de sangue feita por Maduro: \u201cMas eu tenho a impress\u00e3o, sendo, digamos, talvez um pouco compreensivo, que ele estava se referindo a longo prazo, luta de classes, coisas desse tipo, coisa que, de qualquer maneira, n\u00e3o deveria falar\u201d, disse, dando ares sociol\u00f3gicos \u00e0 trucul\u00eancia expl\u00edcita.<\/p>\n<p>Outro que resolveu relativizar os excessos do amigo Maduro foi o presidente Lula. Segue a frase do chef\u00e3o petista: \u201cPor que eu vou querer brigar com a Venezuela? Por que eu vou querer com Nicar\u00e1gua? Por que eu vou querer com a Argentina? Eles que elejam os presidentes que quiserem\u201d, afirmou o presidente, que convenientemente se esqueceu que pediu apoio a Maduro nas elei\u00e7\u00f5es de 2013, foi contra Milei no pleito argentino, e de vez em quando solta suas farpas contra os EUA. De qualquer maneira, antes de ser condescendente com Maduro, Lula e Amorim deveriam visitar os campos de refugiados em Boa Vista, Roraima, e conversar com as v\u00edtimas de um regime que obrigou a milh\u00f5es a abandonarem seu pa\u00eds Natal para fugir da fome e da mis\u00e9ria. Fica a dica.<\/p>\n<p>Mas parece n\u00e3o haver limites para a estrat\u00e9gia de amparar os autorit\u00e1rios poderosos. Na mesma conversa com Dae Baer, Amorim ainda arrumou tempo de justificar outra matan\u00e7a. Alegou que a invas\u00e3o russa na Ucr\u00e2nia pode ter explica\u00e7\u00f5es hist\u00f3rias. Ali\u00e1s, o rigor que Lula e Amorim t\u00eam com Israel, que de fato comete crimes de guerra, em geral \u00e9 deixado de lado se o abusador \u00e9 um d\u00e9spota amigo, seja Putin ou Maduro. Amorim, pelo menos, levou uma invertida imediata no sentido de que muitas vezes a hist\u00f3ria \u00e9 usada como argumento para evitar a quebra de leis. Fica a li\u00e7\u00e3o para a turma que adora mandar os advers\u00e1rios \u201cestudar a hist\u00f3ria\u201d.<\/p>\n<p><strong><a href=\"https:\/\/www.estadao.com.br\/politica\/fabiano-lana\/a-verdadeira-funcao-de-celso-amorim-e-ser-o-justificador-geral-dos-opressores\/\">Source link<\/a><\/strong><\/p>\n<\/div>\n<p><br \/>\n<br \/><a href=\"https:\/\/paulofigueiredoshow.com\/estadao-a-verdadeira-funcao-de-celso-amorim-e-ser-o-justificador-geral-dos-opressores\/\">Source link <\/a><\/p>","protected":false},"excerpt":{"rendered":"<p>Celso Amorim como assessor internacional da Presid\u00eancia, frequentemente descrito como um \u201ch\u00e1bil negociador\u201d, tem se posicionado consistentemente ao lado de regimes autorit\u00e1rios e em defesa de a\u00e7\u00f5es que contrariam os&hellip;<\/p>","protected":false},"author":1,"featured_media":4723,"comment_status":"closed","ping_status":"open","sticky":false,"template":"","format":"standard","meta":{"content-type":"","footnotes":""},"categories":[16],"tags":[],"class_list":["post-4722","post","type-post","status-publish","format-standard","has-post-thumbnail","hentry","category-noticias"],"_links":{"self":[{"href":"https:\/\/tvbrazilusa.com\/pt\/wp-json\/wp\/v2\/posts\/4722","targetHints":{"allow":["GET"]}}],"collection":[{"href":"https:\/\/tvbrazilusa.com\/pt\/wp-json\/wp\/v2\/posts"}],"about":[{"href":"https:\/\/tvbrazilusa.com\/pt\/wp-json\/wp\/v2\/types\/post"}],"author":[{"embeddable":true,"href":"https:\/\/tvbrazilusa.com\/pt\/wp-json\/wp\/v2\/users\/1"}],"replies":[{"embeddable":true,"href":"https:\/\/tvbrazilusa.com\/pt\/wp-json\/wp\/v2\/comments?post=4722"}],"version-history":[{"count":1,"href":"https:\/\/tvbrazilusa.com\/pt\/wp-json\/wp\/v2\/posts\/4722\/revisions"}],"predecessor-version":[{"id":4724,"href":"https:\/\/tvbrazilusa.com\/pt\/wp-json\/wp\/v2\/posts\/4722\/revisions\/4724"}],"wp:featuredmedia":[{"embeddable":true,"href":"https:\/\/tvbrazilusa.com\/pt\/wp-json\/wp\/v2\/media\/4723"}],"wp:attachment":[{"href":"https:\/\/tvbrazilusa.com\/pt\/wp-json\/wp\/v2\/media?parent=4722"}],"wp:term":[{"taxonomy":"category","embeddable":true,"href":"https:\/\/tvbrazilusa.com\/pt\/wp-json\/wp\/v2\/categories?post=4722"},{"taxonomy":"post_tag","embeddable":true,"href":"https:\/\/tvbrazilusa.com\/pt\/wp-json\/wp\/v2\/tags?post=4722"}],"curies":[{"name":"wp","href":"https:\/\/api.w.org\/{rel}","templated":true}]}}