{"id":47232,"date":"2024-10-11T15:20:24","date_gmt":"2024-10-11T15:20:24","guid":{"rendered":"https:\/\/tvbrazilusa.com\/2024\/10\/11\/carros-com-explosivos-e-granadas-foram-abandonados-nas-proximidades-de-escolas-e-upas\/"},"modified":"2024-10-11T15:20:25","modified_gmt":"2024-10-11T15:20:25","slug":"carros-com-explosivos-e-granadas-foram-abandonados-nas-proximidades-de-escolas-e-upas","status":"publish","type":"post","link":"https:\/\/tvbrazilusa.com\/pt\/2024\/10\/11\/carros-com-explosivos-e-granadas-foram-abandonados-nas-proximidades-de-escolas-e-upas\/","title":{"rendered":"Carros com explosivos e granadas foram abandonados nas proximidades de escolas e UPAs"},"content":{"rendered":"<p> <script async src=\"https:\/\/pagead2.googlesyndication.com\/pagead\/js\/adsbygoogle.js?client=ca-pub-8864793242727901\"\r\n     crossorigin=\"anonymous\"><\/script><br \/>\n<\/p>\n<div id=\"taboola-read-more\" style=\"display:block; width:100%\">\n<p>Os ve\u00edculos foram abandonados na localidade conhecida como Jo\u00e3o XXIII, perto de quatro pr\u00e9dios p\u00fablicos: a Escola Municipal Sindicalista Chico Mendes, o Ciep Papa Jo\u00e3o XXIII, o Col\u00e9gio Estadual Liberdade e a Unidade de Pronto Atendimento (UPA) Jo\u00e3o XXIII.\n<\/p>\n<p>Agentes da Delegacia de Repress\u00e3o \u00e0s A\u00e7\u00f5es Criminosas Organizadas (Draco) chamaram o Esquadr\u00e3o Antibombas assim que abriram os ve\u00edculos.<\/p>\n<p>A \u00e1rea era controlada pelo miliciano Jac\u00e3o, ligado \u00e0 quadrilha de Juninho Var\u00e3o. Jac\u00e3o foi assassinado na semana passada por criminosos sob o comando de Paulo David Guimar\u00e3es, conhecido como Naval, que sucedeu Luiz Ant\u00f4nio da Silva Braga, o Zinho, preso desde dezembro de 2023.\n<\/p>\n<p>A Pol\u00edcia Civil informou, em nota, que as investiga\u00e7\u00f5es indicam que o material explosivo apreendido pode pertencer ao grupo de Var\u00e3o, que tenta expandir seu dom\u00ednio na regi\u00e3o ap\u00f3s a morte de Jac\u00e3o e planejava usar as bombas em uma retalia\u00e7\u00e3o.\n<\/p>\n<p>As autoridades afirmaram que \u201cas investiga\u00e7\u00f5es seguem em curso com o objetivo de identificar todos os envolvidos e desarticular o esquema criminoso, garantindo a seguran\u00e7a e a tranquilidade dos moradores da \u00e1rea.\u201d\n<\/p>\n<p>Por volta das 7h, a rua foi interditada ao tr\u00e1fego de ve\u00edculos e pedestres para que o Esquadr\u00e3o Antibombas retirasse os explosivos.\n<\/p>\n<p>Na quinta-feira (10), a Draco prendeu Vin\u00edcius Teles de Melo, o VN, seguran\u00e7a do miliciano Naval, em Inhoa\u00edba, tamb\u00e9m na Zona Oeste. VN \u00e9 apontado como respons\u00e1vel por planejar invas\u00f5es contra grupos rivais e integra uma tropa especializada da mil\u00edcia, com antecedentes por roubo, recepta\u00e7\u00e3o, tr\u00e1fico e associa\u00e7\u00e3o criminosa.\n<\/p>\n<div id=\"chunk-6b2t0\">\n<div class=\"mc-column content-text active-extra-styles\" data-block-type=\"unstyled\" data-block-weight=\"46\" data-block-id=\"2\">\n<p>O criminoso tentou escapar pulando o muro para a casa de uma vizinha, que foi usada como escudo durante a fuga. Ap\u00f3s negocia\u00e7\u00e3o, os policiais conseguiram prend\u00ea-lo. Na resid\u00eancia, foram apreendidos um fuzil, coletes bal\u00edsticos, roupas t\u00e1ticas, al\u00e9m de um carro e uma moto roubados.\n<\/p>\n<\/div>\n<\/div>\n<p>Fonte: Gazeta Brasil<\/p>\n<p>\u00a0<\/p>\n<\/p><\/div>\n<p><br \/>\n<br \/><a href=\"https:\/\/diariodobrasilnoticias.com.br\/noticia\/carros-com-explosivos-e-granadas-foram-abandonados-nas-proximidades-de-escolas-e-upas-6709410ddd9f5\">Source link <\/a><\/p>","protected":false},"excerpt":{"rendered":"<p>Os ve\u00edculos foram abandonados na localidade conhecida como Jo\u00e3o XXIII, perto de quatro pr\u00e9dios p\u00fablicos: a Escola Municipal Sindicalista Chico Mendes, o Ciep Papa Jo\u00e3o XXIII, o Col\u00e9gio Estadual Liberdade&hellip;<\/p>","protected":false},"author":1,"featured_media":47233,"comment_status":"closed","ping_status":"open","sticky":false,"template":"","format":"standard","meta":{"content-type":"","footnotes":""},"categories":[16],"tags":[123,2448,5313,1267],"class_list":["post-47232","post","type-post","status-publish","format-standard","has-post-thumbnail","hentry","category-noticias","tag-brasil","tag-diario","tag-noticia","tag-noticias"],"_links":{"self":[{"href":"https:\/\/tvbrazilusa.com\/pt\/wp-json\/wp\/v2\/posts\/47232","targetHints":{"allow":["GET"]}}],"collection":[{"href":"https:\/\/tvbrazilusa.com\/pt\/wp-json\/wp\/v2\/posts"}],"about":[{"href":"https:\/\/tvbrazilusa.com\/pt\/wp-json\/wp\/v2\/types\/post"}],"author":[{"embeddable":true,"href":"https:\/\/tvbrazilusa.com\/pt\/wp-json\/wp\/v2\/users\/1"}],"replies":[{"embeddable":true,"href":"https:\/\/tvbrazilusa.com\/pt\/wp-json\/wp\/v2\/comments?post=47232"}],"version-history":[{"count":1,"href":"https:\/\/tvbrazilusa.com\/pt\/wp-json\/wp\/v2\/posts\/47232\/revisions"}],"predecessor-version":[{"id":47234,"href":"https:\/\/tvbrazilusa.com\/pt\/wp-json\/wp\/v2\/posts\/47232\/revisions\/47234"}],"wp:featuredmedia":[{"embeddable":true,"href":"https:\/\/tvbrazilusa.com\/pt\/wp-json\/wp\/v2\/media\/47233"}],"wp:attachment":[{"href":"https:\/\/tvbrazilusa.com\/pt\/wp-json\/wp\/v2\/media?parent=47232"}],"wp:term":[{"taxonomy":"category","embeddable":true,"href":"https:\/\/tvbrazilusa.com\/pt\/wp-json\/wp\/v2\/categories?post=47232"},{"taxonomy":"post_tag","embeddable":true,"href":"https:\/\/tvbrazilusa.com\/pt\/wp-json\/wp\/v2\/tags?post=47232"}],"curies":[{"name":"wp","href":"https:\/\/api.w.org\/{rel}","templated":true}]}}