{"id":47235,"date":"2024-10-11T15:30:00","date_gmt":"2024-10-11T15:30:00","guid":{"rendered":"https:\/\/tvbrazilusa.com\/2024\/10\/11\/querida-annie-desde-os-17-anos-tenho-estado-quase-sempre-fora-da-vista-longe-da-mente-da-minha-familia-agora-eles-precisam-de-mim\/"},"modified":"2024-10-11T15:35:00","modified_gmt":"2024-10-11T15:35:00","slug":"querida-annie-desde-os-17-anos-tenho-estado-quase-sempre-fora-da-vista-longe-da-mente-da-minha-familia-agora-eles-precisam-de-mim","status":"publish","type":"post","link":"https:\/\/tvbrazilusa.com\/pt\/2024\/10\/11\/querida-annie-desde-os-17-anos-tenho-estado-quase-sempre-fora-da-vista-longe-da-mente-da-minha-familia-agora-eles-precisam-de-mim\/","title":{"rendered":"Querida Annie: Desde os 17 anos, tenho estado quase sempre fora da vista, longe da mente da minha fam\u00edlia&#8230; agora eles precisam de mim"},"content":{"rendered":"<script async src=\"https:\/\/pagead2.googlesyndication.com\/pagead\/js\/adsbygoogle.js?client=ca-pub-8864793242727901\"\r\n     crossorigin=\"anonymous\"><\/script>\n<div>\n<p class=\"article__paragraph article__paragraph--left\" id=\"LKCUF7JKEVCWLNR5SGCM2XHUXA\">QUERIDA ANNIE: Sou uma pessoa com mais de 50 anos, casada e vazia, com um emprego de tempo integral e tr\u00eas cachorros. A vida ainda est\u00e1 ocupada para n\u00f3s.<\/p>\n<p class=\"article__paragraph article__paragraph--left\" id=\"YWZPVIVOXBGZJHGFTIADQJTFKQ\">Minha m\u00e3e, meu padrasto e meu meio-irm\u00e3o mais novo moram em outro estado. Meu pai morreu quando eu era jovem e minha m\u00e3e se casou novamente e teve meu irm\u00e3o. Aos 17 anos, mudei-me e tenho estado praticamente fora da vista, longe da mente da minha fam\u00edlia. Embora falemos ao telefone e nos vejamos em alguns feriados, sempre estive fora do c\u00edrculo deles, o que aprendi a aceitar e a n\u00e3o guardar sentimentos negativos.<\/p>\n<p class=\"article__paragraph article__paragraph--left\" id=\"VYOQMA2SP5DXLLPFUTSIKPHMXY\">Recentemente, minha m\u00e3e e meu padrasto se separaram e, desde ent\u00e3o, descobri que eles n\u00e3o t\u00eam poupan\u00e7a nem fundos de aposentadoria. Minha m\u00e3e e meu irm\u00e3o querem que meu padrasto venha morar comigo, e minha m\u00e3e planeja morar com meu irm\u00e3o.<\/p>\n<p class=\"article__paragraph article__paragraph--left\" id=\"KYCGUQAKZNCCVN3DEPKTBTZFCY\">A batalha emocional que est\u00e1 acontecendo dentro de mim \u00e9 quase demais. Devo dizer sim por dever? Ele n\u00e3o dirige e n\u00e3o temos acesso ao transporte p\u00fablico. N\u00e3o estou pronto para desistir do meu trabalho para cuidar ou manter outra pessoa entretida. Eu sou o pior?<\/p>\n<p class=\"article__paragraph article__paragraph--left\" id=\"LYPKJORCSBF2ZO34ERIGEK6TMI\">Sinto que s\u00f3 estou sendo questionado porque literalmente n\u00e3o h\u00e1 mais ningu\u00e9m a quem perguntar. Minha m\u00e3e e meu irm\u00e3o s\u00e3o insepar\u00e1veis, deixando meu padrasto fora do c\u00edrculo deles tamb\u00e9m. Se eu disser n\u00e3o, perderei os tr\u00eas. Se eu disser sim, posso perder meu pr\u00f3prio c\u00f4njuge e, possivelmente, minha sanidade. Obrigado pelo seu conselho. &#8211; Culpa da meia-idade<\/p>\n<p class=\"article__paragraph article__paragraph--left\" id=\"6HTHDU4ZQFCZJLN6SHX4F4KD3I\">QUERIDA CULPA DA MEIA-IDADE: N\u00e3o, voc\u00ea n\u00e3o \u00e9 o pior. Sua m\u00e3e e seu irm\u00e3o n\u00e3o deveriam culp\u00e1-lo por assumir uma responsabilidade para a qual voc\u00ea n\u00e3o est\u00e1 preparado. E n\u00e3o h\u00e1 nada de ego\u00edsta em proteger o seu casamento, o seu trabalho e o seu bem-estar.<\/p>\n<p class=\"article__paragraph article__paragraph--center\" id=\"EPBBHJSPPJBB5MFTSIWS5TEZSY\">Explore algumas outras op\u00e7\u00f5es com sua fam\u00edlia; isso pode envolver algum pensamento criativo. Seu padrasto se qualifica para alguma assist\u00eancia governamental? Voc\u00ea est\u00e1 em condi\u00e7\u00f5es de fornecer algum apoio financeiro? Lembre-se de que dizer n\u00e3o a essa op\u00e7\u00e3o n\u00e3o significa que voc\u00ea n\u00e3o se importa.<\/p>\n<p class=\"article__paragraph article__paragraph--center\" id=\"AIJQT6672NFOVEDM5KSKD6MILM\">***<\/p>\n<p class=\"article__paragraph article__paragraph--left\" id=\"3DMPYCXMAVGQ7BST2YQDYEPR6I\"><i>Envie suas perguntas para Annie Lane para <\/i><a href=\"https:\/\/www.nj.com\/advice\/2024\/10\/mailto:dearannie@creators.com\" target=\"_blank\" rel=\"noopener\"><i>dearannie@creators.com<\/i><\/a><i>.<\/i><\/p>\n<section class=\"Stories-By-Section-Tag-module_wrapper__69Ed7 Stories-By-Section-Tag-module_nj__RFbQx\"\/><\/div>\n<p><br \/>\n<br \/><a href=\"https:\/\/www.nj.com\/advice\/2024\/10\/dear-annie-since-age-17-ive-been-mostly-out-of-sight-out-of-mind-to-my-family-now-they-need-me.html\">Source link <\/a><\/p>","protected":false},"excerpt":{"rendered":"<p>QUERIDA ANNIE: Sou uma pessoa com mais de 50 anos, casada e vazia, com um emprego de tempo integral e tr\u00eas cachorros. A vida ainda est\u00e1 ocupada para n\u00f3s. Minha&hellip;<\/p>","protected":false},"author":1,"featured_media":1432,"comment_status":"closed","ping_status":"open","sticky":false,"template":"","format":"standard","meta":{"content-type":"","footnotes":""},"categories":[1],"tags":[],"class_list":["post-47235","post","type-post","status-publish","format-standard","has-post-thumbnail","hentry","category-uncategorized"],"_links":{"self":[{"href":"https:\/\/tvbrazilusa.com\/pt\/wp-json\/wp\/v2\/posts\/47235","targetHints":{"allow":["GET"]}}],"collection":[{"href":"https:\/\/tvbrazilusa.com\/pt\/wp-json\/wp\/v2\/posts"}],"about":[{"href":"https:\/\/tvbrazilusa.com\/pt\/wp-json\/wp\/v2\/types\/post"}],"author":[{"embeddable":true,"href":"https:\/\/tvbrazilusa.com\/pt\/wp-json\/wp\/v2\/users\/1"}],"replies":[{"embeddable":true,"href":"https:\/\/tvbrazilusa.com\/pt\/wp-json\/wp\/v2\/comments?post=47235"}],"version-history":[{"count":1,"href":"https:\/\/tvbrazilusa.com\/pt\/wp-json\/wp\/v2\/posts\/47235\/revisions"}],"predecessor-version":[{"id":47236,"href":"https:\/\/tvbrazilusa.com\/pt\/wp-json\/wp\/v2\/posts\/47235\/revisions\/47236"}],"wp:featuredmedia":[{"embeddable":true,"href":"https:\/\/tvbrazilusa.com\/pt\/wp-json\/wp\/v2\/media\/1432"}],"wp:attachment":[{"href":"https:\/\/tvbrazilusa.com\/pt\/wp-json\/wp\/v2\/media?parent=47235"}],"wp:term":[{"taxonomy":"category","embeddable":true,"href":"https:\/\/tvbrazilusa.com\/pt\/wp-json\/wp\/v2\/categories?post=47235"},{"taxonomy":"post_tag","embeddable":true,"href":"https:\/\/tvbrazilusa.com\/pt\/wp-json\/wp\/v2\/tags?post=47235"}],"curies":[{"name":"wp","href":"https:\/\/api.w.org\/{rel}","templated":true}]}}