{"id":4725,"date":"2024-07-20T21:15:35","date_gmt":"2024-07-20T21:15:35","guid":{"rendered":"https:\/\/tvbrazilusa.com\/2024\/07\/20\/agora-mc-melody-e-equipe-sofrem-grave-acidente-apos-onibus-perder-controle\/"},"modified":"2024-07-20T21:23:27","modified_gmt":"2024-07-20T21:23:27","slug":"agora-mc-melody-e-equipe-sofrem-grave-acidente-apos-onibus-perder-controle","status":"publish","type":"post","link":"https:\/\/tvbrazilusa.com\/pt\/2024\/07\/20\/agora-mc-melody-e-equipe-sofrem-grave-acidente-apos-onibus-perder-controle\/","title":{"rendered":"AGORA: Mc Melody e equipe sofrem grave acidente ap\u00f3s \u00f4nibus perder controle"},"content":{"rendered":"<p> <script async src=\"https:\/\/pagead2.googlesyndication.com\/pagead\/js\/adsbygoogle.js?client=ca-pub-8864793242727901\"\r\n     crossorigin=\"anonymous\"><\/script><br \/>\n<\/p>\n<div>\n<p>Foto: Reprodu\u00e7\u00e3o.<\/p>\n<p>Um grave incidente ocorreu neste s\u00e1bado, atingindo diretamente a cantora Mc Melody e seu grupo, enquanto viajavam pela conhecida Via Dutra, no Rio de Janeiro. O \u00f4nibus da artista foi atingido por outro ve\u00edculo de grande porte, resultando em uma s\u00e9rie de colis\u00f5es que envolveram outros seis carros. A situa\u00e7\u00e3o gerou grande preocupa\u00e7\u00e3o entre os f\u00e3s e colocou em discuss\u00e3o a seguran\u00e7a nas rodovias brasileiras.<\/p>\n<p>Mc Melody, utilizando suas redes sociais, relatou o ocorrido detalhadamente para seus seguidores. \u201cAcabamos de sofrer um acidente, est\u00e1 todo mundo mal\u201d, disse ela nos stories do Instagram. Apesar da gravidade do incidente, \u00e9 not\u00f3rio o al\u00edvio expresso pela cantora ao confirmar que n\u00e3o houve fatalidades. \u201cGra\u00e7as a Deus ningu\u00e9m morreu\u201d, adicionou.<\/p>\n<figure class=\"wp-block-image size-full\"><picture decoding=\"async\" class=\"wp-image-158497\"><source type=\"image\/webp\" srcset=\"https:\/\/terrabrasilnoticias.com\/wp-content\/uploads\/2024\/07\/image-630.png.webp 859w, https:\/\/terrabrasilnoticias.com\/wp-content\/uploads\/2024\/07\/image-630-269x300.png.webp 269w, https:\/\/terrabrasilnoticias.com\/wp-content\/uploads\/2024\/07\/image-630-768x857.png.webp 768w, https:\/\/terrabrasilnoticias.com\/wp-content\/uploads\/2024\/07\/image-630-750x837.png.webp 750w\" sizes=\"(max-width: 859px) 100vw, 859px\"\/><\/picture>\n<\/figure>\n<h2 class=\"wp-block-heading\">Como ocorreu o acidente de Mc Melody?<\/h2>\n<p>O acidente teve in\u00edcio quando um \u00f4nibus que trafegava atr\u00e1s do ve\u00edculo de Mc Melody perdeu o controle. A viol\u00eancia do impacto foi t\u00e3o intensa que resultou no envolvimento de outros seis ve\u00edculos que estavam proximidades. Mc Melody descreveu o acidente como um \u201clivramento\u201d, apesar dos ferimentos leves sofridos por ela e por membros de sua equipe. Fotos do ve\u00edculo acidentado foram compartilhadas pela cantora em seu Instagram, mostrando a gravidade do impacto.<\/p>\n<p>Imediatamente ap\u00f3s o acidente, servi\u00e7os de emerg\u00eancia foram acionados para prestar os primeiros socorros. Mc Melody e alguns integrantes de sua equipe relataram diversas les\u00f5es, como dores na cabe\u00e7a, corpo e m\u00e3os, enquanto outros sofreram ferimentos nas pernas. A r\u00e1pida resposta dos servi\u00e7os de emerg\u00eancia foi crucial para garantir que todos os envolvidos recebessem o atendimento necess\u00e1rio no local.<\/p>\n<figure class=\"wp-block-image size-large\"><picture decoding=\"async\" class=\"wp-image-158495\"><source type=\"image\/webp\" srcset=\"https:\/\/terrabrasilnoticias.com\/wp-content\/uploads\/2024\/07\/image-629-1024x683.png.webp 1024w, https:\/\/terrabrasilnoticias.com\/wp-content\/uploads\/2024\/07\/image-629-300x200.png.webp 300w, https:\/\/terrabrasilnoticias.com\/wp-content\/uploads\/2024\/07\/image-629-768x512.png.webp 768w, https:\/\/terrabrasilnoticias.com\/wp-content\/uploads\/2024\/07\/image-629-750x500.png.webp 750w, https:\/\/terrabrasilnoticias.com\/wp-content\/uploads\/2024\/07\/image-629-1140x760.png.webp 1140w, https:\/\/terrabrasilnoticias.com\/wp-content\/uploads\/2024\/07\/image-629.png.webp 1294w\" sizes=\"(max-width: 1024px) 100vw, 1024px\"\/><img fetchpriority=\"high\" decoding=\"async\" width=\"1024\" height=\"683\" src=\"https:\/\/terrabrasilnoticias.com\/wp-content\/uploads\/2024\/07\/image-629-1024x683.png\" alt=\"\" srcset=\"https:\/\/terrabrasilnoticias.com\/wp-content\/uploads\/2024\/07\/image-629-1024x683.png 1024w, https:\/\/terrabrasilnoticias.com\/wp-content\/uploads\/2024\/07\/image-629-300x200.png 300w, https:\/\/terrabrasilnoticias.com\/wp-content\/uploads\/2024\/07\/image-629-768x512.png 768w, https:\/\/terrabrasilnoticias.com\/wp-content\/uploads\/2024\/07\/image-629-750x500.png 750w, https:\/\/terrabrasilnoticias.com\/wp-content\/uploads\/2024\/07\/image-629-1140x760.png 1140w, https:\/\/terrabrasilnoticias.com\/wp-content\/uploads\/2024\/07\/image-629.png 1294w\" sizes=\"(max-width: 1024px) 100vw, 1024px\"\/>\n<\/picture>\n<\/figure>\n<\/p><\/div>\n<p><br \/>\n<br \/><a href=\"https:\/\/terrabrasilnoticias.com\/2024\/07\/agora-mc-melody-e-equipe-sofrem-grave-acidente-apos-onibus-perder-controle\/\">Source link <\/a><\/p>","protected":false},"excerpt":{"rendered":"<p>Foto: Reprodu\u00e7\u00e3o. Um grave incidente ocorreu neste s\u00e1bado, atingindo diretamente a cantora Mc Melody e seu grupo, enquanto viajavam pela conhecida Via Dutra, no Rio de Janeiro. O \u00f4nibus da&hellip;<\/p>","protected":false},"author":1,"featured_media":4726,"comment_status":"closed","ping_status":"open","sticky":false,"template":"","format":"standard","meta":{"content-type":"","footnotes":""},"categories":[16],"tags":[],"class_list":["post-4725","post","type-post","status-publish","format-standard","has-post-thumbnail","hentry","category-noticias"],"_links":{"self":[{"href":"https:\/\/tvbrazilusa.com\/pt\/wp-json\/wp\/v2\/posts\/4725","targetHints":{"allow":["GET"]}}],"collection":[{"href":"https:\/\/tvbrazilusa.com\/pt\/wp-json\/wp\/v2\/posts"}],"about":[{"href":"https:\/\/tvbrazilusa.com\/pt\/wp-json\/wp\/v2\/types\/post"}],"author":[{"embeddable":true,"href":"https:\/\/tvbrazilusa.com\/pt\/wp-json\/wp\/v2\/users\/1"}],"replies":[{"embeddable":true,"href":"https:\/\/tvbrazilusa.com\/pt\/wp-json\/wp\/v2\/comments?post=4725"}],"version-history":[{"count":1,"href":"https:\/\/tvbrazilusa.com\/pt\/wp-json\/wp\/v2\/posts\/4725\/revisions"}],"predecessor-version":[{"id":4727,"href":"https:\/\/tvbrazilusa.com\/pt\/wp-json\/wp\/v2\/posts\/4725\/revisions\/4727"}],"wp:featuredmedia":[{"embeddable":true,"href":"https:\/\/tvbrazilusa.com\/pt\/wp-json\/wp\/v2\/media\/4726"}],"wp:attachment":[{"href":"https:\/\/tvbrazilusa.com\/pt\/wp-json\/wp\/v2\/media?parent=4725"}],"wp:term":[{"taxonomy":"category","embeddable":true,"href":"https:\/\/tvbrazilusa.com\/pt\/wp-json\/wp\/v2\/categories?post=4725"},{"taxonomy":"post_tag","embeddable":true,"href":"https:\/\/tvbrazilusa.com\/pt\/wp-json\/wp\/v2\/tags?post=4725"}],"curies":[{"name":"wp","href":"https:\/\/api.w.org\/{rel}","templated":true}]}}