{"id":47278,"date":"2024-10-11T19:20:52","date_gmt":"2024-10-11T19:20:52","guid":{"rendered":"https:\/\/tvbrazilusa.com\/2024\/10\/11\/um-levantamento-revela-que-647-dos-municipios-brasileiros-estao-com-falta-de-vacinas\/"},"modified":"2024-10-11T19:20:53","modified_gmt":"2024-10-11T19:20:53","slug":"um-levantamento-revela-que-647-dos-municipios-brasileiros-estao-com-falta-de-vacinas","status":"publish","type":"post","link":"https:\/\/tvbrazilusa.com\/pt\/2024\/10\/11\/um-levantamento-revela-que-647-dos-municipios-brasileiros-estao-com-falta-de-vacinas\/","title":{"rendered":"Um levantamento revela que 64,7% dos munic\u00edpios brasileiros est\u00e3o com falta de vacinas."},"content":{"rendered":"<p> <script async src=\"https:\/\/pagead2.googlesyndication.com\/pagead\/js\/adsbygoogle.js?client=ca-pub-8864793242727901\"\r\n     crossorigin=\"anonymous\"><\/script><br \/>\n<\/p>\n<div id=\"taboola-read-more\" style=\"display:block; width:100%\">\n<p>Um novo levantamento da Confedera\u00e7\u00e3o Nacional de Munic\u00edpios (CNM) identificou que 64,7% das cidades brasileiras relatam uma situa\u00e7\u00e3o de falta de vacinas, especialmente infantis. A CNM oficiou o Minist\u00e9rio da Sa\u00fade, \u00f3rg\u00e3o respons\u00e1vel pela compra e distribui\u00e7\u00e3o dos imunizantes, demonstrando preocupa\u00e7\u00e3o e solicitando provid\u00eancias para o \u201cimediato restabelecimento da normalidade no abastecimento&#8221;.\n<\/p>\n<p>Em resposta, a pasta publicou uma nota t\u00e9cnica em que reconheceu o cen\u00e1rio de desabastecimento e atribuiu a falta de vacinas a atrasos no cronograma de entregas por fabricantes, como Bio-Manguinhos\/Fiocruz e Butantan, e outras quest\u00f5es log\u00edsticas. O minist\u00e9rio disse que \u201cest\u00e3o sendo tomadas medidas para garantir a regulariza\u00e7\u00e3o&#8221; das doses, como por vias alternativas de aquisi\u00e7\u00e3o com outros fabricantes e junto a Organiza\u00e7\u00e3o Pan-Americana da Sa\u00fade (OPAS).<\/p>\n<p>A pesquisa da CNM foi conduzida entre os dias 2 e 11 de setembro em 2.415 dos 5.570 munic\u00edpios brasileiros. Em comunicado, o presidente da Confedera\u00e7\u00e3o, Paulo Ziulkoski, destacou que se verificou \u201ca falta de imunizantes essenciais h\u00e1 mais de 30 dias na maioria das cidades pesquisadas\u201d. Ziulkoski citou preocupa\u00e7\u00e3o especialmente em meio ao risco de retorno de doen\u00e7as graves que s\u00e3o prevenidas pelas doses, como a p\u00f3lio e o sarampo.\n<\/p>\n<p>Em algumas cidades, a falta de imunizantes era relatada h\u00e1 mais de 90 dias. A principal dose mencionada, por mais de 1.200 munic\u00edpios, foi a da varicela, que protege beb\u00eas e crian\u00e7as da catapora. Em seguida, estava a da Covid-19, citada por 770 cidades. J\u00e1 a vacina Meningoc\u00f3cica C, que previne doen\u00e7as graves bacterianas, como meningite e meningococcemia, estava em falta em 546 lugares.\n<\/p>\n<p>No levantamento, apareceram ainda relatos de falta da dose tetraviral, que protege contra sarampo, caxumba, catapora e rub\u00e9ola; da aplica\u00e7\u00e3o que previne hepatite A e da vacina DTP, que evita casos de difteria, t\u00e9tano e coqueluche.\n<\/p>\n<p>O estado com mais relatos de falta de imunizantes \u00e9 Santa Catarina, seguido por Pernambuco e Paran\u00e1. Por regi\u00e3o, o Sudeste lidera. Na sequ\u00eancia, est\u00e3o a regi\u00e3o Sul, a Nordeste, a Centro-Oeste e a Norte.\n<\/p>\n<p>Diante do cen\u00e1rio, a CNM enviou um of\u00edcio ao Minist\u00e9rio da Sa\u00fade ainda em setembro demandando o \u201cimediato restabelecimento da normalidade no abastecimento das vacinas em todo o pa\u00eds\u201d. Em resposta, a pasta publicou uma nota t\u00e9cnica reconhecendo o desabastecimento e citando os motivos por tr\u00e1s da falta de cada imunizante, al\u00e9m das a\u00e7\u00f5es tomadas para solucion\u00e1-la.\n<\/p>\n<p>Para a dose da varicela, citou que, ap\u00f3s \u201cobst\u00e1culos regulat\u00f3rios e de fabrica\u00e7\u00e3o enfrentados pelo fornecedor\u201d, o Minist\u00e9rio identificou que apenas um laborat\u00f3rio nacional teria a capacidade de fornecer a vacina no segundo semestre de 2024. Desde ent\u00e3o tem realizado \u201caquisi\u00e7\u00f5es complementares\u201d por meio do Fundo Rotat\u00f3rio da Opas, com entregas previstas para os pr\u00f3ximos meses, e um maior volume para o ano que vem.\n<\/p>\n<div class=\"mc-column content-text active-extra-styles\" data-block-type=\"unstyled\" data-block-weight=\"58\" data-block-id=\"15\">\n<p class=\"content-text__container\" data-track-category=\"Link no Texto\" data-track-links=\"\" data-mrf-recirculation=\"Recomenda\u00e7\u00e3o meio do texto\">Em rela\u00e7\u00e3o \u00e0 vacina da Covid-19, a pasta afirmou que adquiriu 12 milh\u00f5es de doses da vacina atualizada para a cepa XBB, conforme recomenda\u00e7\u00e3o da Organiza\u00e7\u00e3o Mundial da Sa\u00fade (OMS), e que \u201ca distribui\u00e7\u00e3o ocorre semanalmente, conforme a capacidade de recebimento e armazenamento das redes de frio estaduais\u201d. As doses s\u00e3o as mesmas para crian\u00e7as e adultos.\n<\/p>\n<\/div>\n<div class=\"mc-column content-text active-extra-styles\" data-block-type=\"unstyled\" data-block-weight=\"65\" data-block-id=\"16\">\n<p class=\"content-text__container\" data-track-category=\"Link no Texto\" data-track-links=\"\" data-mrf-recirculation=\"Recomenda\u00e7\u00e3o meio do texto\">Mas, &#8220;houve oferta limitada para a vacina\u00e7\u00e3o infantil, resultando em falta de doses em alguns estados&#8221;, disse: &#8220;Durante o processo de vacina\u00e7\u00e3o, alguns lotes se aproximaram do vencimento, e o Minist\u00e9rio solicitou a substitui\u00e7\u00e3o por novos lotes. A libera\u00e7\u00e3o das novas doses pela Anvisa est\u00e1 aguardada, e um preg\u00e3o para a compra de mais 69 milh\u00f5es de doses est\u00e1 em andamento, visando o p\u00fablico priorit\u00e1rio\u201d.\n<\/p>\n<\/div>\n<div class=\"mc-column content-text active-extra-styles\" data-block-type=\"unstyled\" data-block-weight=\"54\" data-block-id=\"17\">\n<p class=\"content-text__container\" data-track-category=\"Link no Texto\" data-track-links=\"\" data-mrf-recirculation=\"Recomenda\u00e7\u00e3o meio do texto\">Sobre a meningoc\u00f3cica C, o Minist\u00e9rio afirmou que o desabastecimento ocorre desde 2023 \u201cdevido \u00e0 reprograma\u00e7\u00e3o das entregas para 2024, que n\u00e3o foram cumpridas\u201d. Com isso, tem se focado na vacina meningoc\u00f3cica ACWY, que tamb\u00e9m protege contra o tipo C. Em junho e setembro, por\u00e9m, a baixa disponibilidade levou \u00e0 restri\u00e7\u00e3o da oferta.\n<\/p>\n<\/div>\n<div class=\"mc-column content-text active-extra-styles\" data-block-type=\"unstyled\" data-block-weight=\"73\" data-block-id=\"18\">\n<p class=\"content-text__container\" data-track-category=\"Link no Texto\" data-track-links=\"\" data-mrf-recirculation=\"Recomenda\u00e7\u00e3o meio do texto\">\u201cA Fiocruz, um dos fornecedores, ainda n\u00e3o iniciou as entregas de 2024. Foram adquiridas 600.000 doses adicionais de ACWY via OPAS, com previs\u00e3o de recebimento em outubro, e o processo de compra junto a outro fornecedor nacional est\u00e1 em andamento. A normaliza\u00e7\u00e3o do estoque da Meningo C est\u00e1 prevista para mar\u00e7o de 2025, enquanto a da ACWY deve ocorrer em outubro de 2024, desde que o cronograma seja seguido\u201d, acrescentou na nota t\u00e9cnica.\n<\/p>\n<\/div>\n<p>\u00a0<\/p>\n<div class=\"mc-column content-text active-extra-styles\" data-block-type=\"unstyled\" data-block-weight=\"74\" data-block-id=\"20\">\n<p class=\"content-text__container\" data-track-category=\"Link no Texto\" data-track-links=\"\" data-mrf-recirculation=\"Recomenda\u00e7\u00e3o meio do texto\">Outros motivos citados para a falta das vacinas DTP, tetraviral, tr\u00edplice-viral, HPV, da hepatite A e da febre amarela foram situa\u00e7\u00f5es log\u00edsticas que demandaram mais tempo de an\u00e1lise e libera\u00e7\u00e3o de \u00f3rg\u00e3os como Anvisa e o Instituto Nacional de Controle de Qualidade em Sa\u00fade (INCQS), al\u00e9m de problemas de fornecedores que atrasaram a entrega. Todos os cen\u00e1rios t\u00eam previs\u00e3o de regulariza\u00e7\u00e3o nos pr\u00f3ximos meses com novos cronogramas de envio e aquisi\u00e7\u00f5es extras via Opas.\n<\/p>\n<\/div>\n<div data-track-category=\"multicontent\" data-track-action=\"ultimo chunk conteudo\" data-track-noninteraction=\"false\" data-track-scroll=\"view\">\n<div class=\"mc-column content-text active-extra-styles\" data-block-type=\"unstyled\" data-block-weight=\"39\" data-block-id=\"21\">\n<p class=\"content-text__container\" data-track-category=\"Link no Texto\" data-track-links=\"\" data-mrf-recirculation=\"Recomenda\u00e7\u00e3o meio do texto\">Em nota, o presidente da CNM avaliou como \u201cmuito positivo\u201d o retorno do Minist\u00e9rio: \u201cDemonstra, em primeiro lugar, a compreens\u00e3o sobre a realidade enfrentada na ponta, e, em segundo, a disposi\u00e7\u00e3o para contornar a situa\u00e7\u00e3o, que \u00e9 extremamente urgente&#8221;.\n<\/p>\n<p class=\"content-text__container\" data-track-category=\"Link no Texto\" data-track-links=\"\" data-mrf-recirculation=\"Recomenda\u00e7\u00e3o meio do texto\">Fonte: O Globo\n<\/p>\n<\/div>\n<\/div><\/div>\n<p><br \/>\n<br \/><a href=\"https:\/\/diariodobrasilnoticias.com.br\/noticia\/um-levantamento-revela-que-64-7-dos-municipios-brasileiros-estao-com-falta-de-vacinas-6709610bd590c\">Source link <\/a><\/p>","protected":false},"excerpt":{"rendered":"<p>Um novo levantamento da Confedera\u00e7\u00e3o Nacional de Munic\u00edpios (CNM) identificou que 64,7% das cidades brasileiras relatam uma situa\u00e7\u00e3o de falta de vacinas, especialmente infantis. A CNM oficiou o Minist\u00e9rio da&hellip;<\/p>","protected":false},"author":1,"featured_media":47279,"comment_status":"closed","ping_status":"open","sticky":false,"template":"","format":"standard","meta":{"content-type":"","footnotes":""},"categories":[16],"tags":[123,2448,5313,1267],"class_list":["post-47278","post","type-post","status-publish","format-standard","has-post-thumbnail","hentry","category-noticias","tag-brasil","tag-diario","tag-noticia","tag-noticias"],"_links":{"self":[{"href":"https:\/\/tvbrazilusa.com\/pt\/wp-json\/wp\/v2\/posts\/47278","targetHints":{"allow":["GET"]}}],"collection":[{"href":"https:\/\/tvbrazilusa.com\/pt\/wp-json\/wp\/v2\/posts"}],"about":[{"href":"https:\/\/tvbrazilusa.com\/pt\/wp-json\/wp\/v2\/types\/post"}],"author":[{"embeddable":true,"href":"https:\/\/tvbrazilusa.com\/pt\/wp-json\/wp\/v2\/users\/1"}],"replies":[{"embeddable":true,"href":"https:\/\/tvbrazilusa.com\/pt\/wp-json\/wp\/v2\/comments?post=47278"}],"version-history":[{"count":1,"href":"https:\/\/tvbrazilusa.com\/pt\/wp-json\/wp\/v2\/posts\/47278\/revisions"}],"predecessor-version":[{"id":47280,"href":"https:\/\/tvbrazilusa.com\/pt\/wp-json\/wp\/v2\/posts\/47278\/revisions\/47280"}],"wp:featuredmedia":[{"embeddable":true,"href":"https:\/\/tvbrazilusa.com\/pt\/wp-json\/wp\/v2\/media\/47279"}],"wp:attachment":[{"href":"https:\/\/tvbrazilusa.com\/pt\/wp-json\/wp\/v2\/media?parent=47278"}],"wp:term":[{"taxonomy":"category","embeddable":true,"href":"https:\/\/tvbrazilusa.com\/pt\/wp-json\/wp\/v2\/categories?post=47278"},{"taxonomy":"post_tag","embeddable":true,"href":"https:\/\/tvbrazilusa.com\/pt\/wp-json\/wp\/v2\/tags?post=47278"}],"curies":[{"name":"wp","href":"https:\/\/api.w.org\/{rel}","templated":true}]}}