{"id":47300,"date":"2024-10-11T20:46:54","date_gmt":"2024-10-11T20:46:54","guid":{"rendered":"https:\/\/tvbrazilusa.com\/2024\/10\/11\/carta-interceptada-em-presidio-revela-plano-do-pcc-para-matar-agentes\/"},"modified":"2024-10-11T20:46:55","modified_gmt":"2024-10-11T20:46:55","slug":"carta-interceptada-em-presidio-revela-plano-do-pcc-para-matar-agentes","status":"publish","type":"post","link":"https:\/\/tvbrazilusa.com\/pt\/2024\/10\/11\/carta-interceptada-em-presidio-revela-plano-do-pcc-para-matar-agentes\/","title":{"rendered":"Carta interceptada em pres\u00eddio revela plano do PCC para matar agentes"},"content":{"rendered":"<p> <script async src=\"https:\/\/pagead2.googlesyndication.com\/pagead\/js\/adsbygoogle.js?client=ca-pub-8864793242727901\"\r\n     crossorigin=\"anonymous\"><\/script><br \/>\n<\/p>\n<div>\n<figure class=\"post-image\">\n<\/figure>\n<p><span style=\"font-size: 12px\">Divulga\u00e7\u00e3o\/Instagram<\/span><\/p>\n<div id=\"taboola-read-more\" style=\"display:block; width:100%\">\n<p>Um \u201csalve geral\u201d determinando que agentes penitenci\u00e1rios sejam identificados por membros do Primeiro Comando da Capital (PCC) foi apreendido, nesta semana, com presos da Penitenci\u00e1ria de Parelheiros, na zona sul de S\u00e3o Paulo.<\/p>\n<p>O Metr\u00f3poles apurou que o mesmo tipo de documento, escrito \u00e0 m\u00e3o, tamb\u00e9m teria sido interceptado em outras unidades prisionais, ainda n\u00e3o especificadas. Os \u201csalves\u201d j\u00e1 s\u00e3o monitorados pelo Grupo de Atua\u00e7\u00e3o Especial de Combate ao Crime Organizado (Gaeco) do Minist\u00e9rio P\u00fablico (MPSP).<\/p>\n<p>No manuscrito obtido pela reportagem, assinado pela Sintonia Final da maior fac\u00e7\u00e3o do Brasil e datado em 17 de setembro, \u00e9 dado o prazo de 30 dias para que os criminosos respons\u00e1veis pelos presos de pavilh\u00f5es ou raios, chamados de \u201cjets\u201d, levantem os nomes e endere\u00e7os de dois agentes penitenci\u00e1rios por unidade.<\/p>\n<p>\u201cTomaremos nossas provid\u00eancias [\u2026] deixando um papo para que dentro desses 30 dias determinamos os irm\u00e3o fa\u00e7a acontecer [sic] e chegar em nossas m\u00e3os, aguardando esse levantamento como car\u00e1ter de urg\u00eancia.\u201d<\/p>\n<p>A Sintonia Final \u00e9 composta por l\u00edderes do alto escal\u00e3o do PCC, que usam a inst\u00e2ncia m\u00e1xima do crime para tomar decis\u00f5es e orden\u00e1-las\n<\/p>\n<p>Fonte: @metropoles.sp<\/p>\n<\/p><\/div>\n<div class=\"row mt-3\">\n<div class=\"col-sm-6\">\n<p><a href=\"https:\/\/chat.whatsapp.com\/J6hwSKYns5B0XFowx2wZ0P\" target=\"_blank\" rel=\"noopener\"><br \/>\n<img decoding=\"async\" src=\"https:\/\/diariodobrasilnoticias.com.br\/assets-site\/images\/bot_whatsapp.png\"\/><\/a>\n<\/div>\n<div class=\"col-sm-6\">\n<a href=\"https:\/\/t.me\/+_4gTmi5LKo03OTM5\" target=\"_blank\" rel=\"noopener\"><br \/>\n<img decoding=\"async\" src=\"https:\/\/diariodobrasilnoticias.com.br\/assets-site\/images\/bot_telegram.png\"\/><\/a>\n<\/div>\n<\/div>\n<\/div>\n<p><br \/>\n<br \/><a href=\"https:\/\/diariodobrasilnoticias.com.br\/noticia\/carta-interceptada-em-presidio-revela-plano-do-pcc-para-matar-agentes-67096615d4c92\">Source link <\/a><\/p>","protected":false},"excerpt":{"rendered":"<p>Divulga\u00e7\u00e3o\/Instagram Um \u201csalve geral\u201d determinando que agentes penitenci\u00e1rios sejam identificados por membros do Primeiro Comando da Capital (PCC) foi apreendido, nesta semana, com presos da Penitenci\u00e1ria de Parelheiros, na zona&hellip;<\/p>","protected":false},"author":1,"featured_media":47301,"comment_status":"closed","ping_status":"open","sticky":false,"template":"","format":"standard","meta":{"content-type":"","footnotes":""},"categories":[16],"tags":[123,2448,5313,1267],"class_list":["post-47300","post","type-post","status-publish","format-standard","has-post-thumbnail","hentry","category-noticias","tag-brasil","tag-diario","tag-noticia","tag-noticias"],"_links":{"self":[{"href":"https:\/\/tvbrazilusa.com\/pt\/wp-json\/wp\/v2\/posts\/47300","targetHints":{"allow":["GET"]}}],"collection":[{"href":"https:\/\/tvbrazilusa.com\/pt\/wp-json\/wp\/v2\/posts"}],"about":[{"href":"https:\/\/tvbrazilusa.com\/pt\/wp-json\/wp\/v2\/types\/post"}],"author":[{"embeddable":true,"href":"https:\/\/tvbrazilusa.com\/pt\/wp-json\/wp\/v2\/users\/1"}],"replies":[{"embeddable":true,"href":"https:\/\/tvbrazilusa.com\/pt\/wp-json\/wp\/v2\/comments?post=47300"}],"version-history":[{"count":1,"href":"https:\/\/tvbrazilusa.com\/pt\/wp-json\/wp\/v2\/posts\/47300\/revisions"}],"predecessor-version":[{"id":47302,"href":"https:\/\/tvbrazilusa.com\/pt\/wp-json\/wp\/v2\/posts\/47300\/revisions\/47302"}],"wp:featuredmedia":[{"embeddable":true,"href":"https:\/\/tvbrazilusa.com\/pt\/wp-json\/wp\/v2\/media\/47301"}],"wp:attachment":[{"href":"https:\/\/tvbrazilusa.com\/pt\/wp-json\/wp\/v2\/media?parent=47300"}],"wp:term":[{"taxonomy":"category","embeddable":true,"href":"https:\/\/tvbrazilusa.com\/pt\/wp-json\/wp\/v2\/categories?post=47300"},{"taxonomy":"post_tag","embeddable":true,"href":"https:\/\/tvbrazilusa.com\/pt\/wp-json\/wp\/v2\/tags?post=47300"}],"curies":[{"name":"wp","href":"https:\/\/api.w.org\/{rel}","templated":true}]}}