{"id":47308,"date":"2024-10-11T21:22:03","date_gmt":"2024-10-11T21:22:03","guid":{"rendered":"https:\/\/tvbrazilusa.com\/2024\/10\/11\/tse-determina-a-suspensao-do-fundo-eleitoral-do-partido-de-cristina-graeml\/"},"modified":"2024-10-11T21:22:04","modified_gmt":"2024-10-11T21:22:04","slug":"tse-determina-a-suspensao-do-fundo-eleitoral-do-partido-de-cristina-graeml","status":"publish","type":"post","link":"https:\/\/tvbrazilusa.com\/pt\/2024\/10\/11\/tse-determina-a-suspensao-do-fundo-eleitoral-do-partido-de-cristina-graeml\/","title":{"rendered":"TSE determina a suspens\u00e3o do fundo eleitoral do partido de Cristina Graeml."},"content":{"rendered":"<p> <script async src=\"https:\/\/pagead2.googlesyndication.com\/pagead\/js\/adsbygoogle.js?client=ca-pub-8864793242727901\"\r\n     crossorigin=\"anonymous\"><\/script><br \/>\n<\/p>\n<div id=\"taboola-read-more\" style=\"display:block; width:100%\">\n<p>Cristina Graeml, jornalista e candidata \u00e0 Prefeitura de Curitiba, n\u00e3o recebeu nenhum valor do fundo eleitoral do seu partido, o PMB, no 1\u00ba turno. Por causa de um erro formal na presta\u00e7\u00e3o de contas da legenda, a ministra C\u00e1rmen L\u00facia, do Supremo Tribunal Eleitoral (TSE), determinou o bloqueio de R$ 3,4 milh\u00f5es que iriam para a campanha das elei\u00e7\u00f5es municipais.\n<\/p>\n<p><strong>TSE n\u00e3o liberar recursos para campanha de Cristina Graeml, mesmo depois de corre\u00e7\u00e3o do erro<\/strong><br \/>Mesmo com a corre\u00e7\u00e3o do erro, n\u00e3o houve a libera\u00e7\u00e3o dos recursos. Yann Monteiro, da dire\u00e7\u00e3o nacional do PMB, disse que n\u00e3o compreende por que o caso j\u00e1 n\u00e3o foi resolvido pela Justi\u00e7a Eleitoral.<\/p>\n<p>\u201cN\u00f3s at\u00e9 ficamos com dificuldade de compreender essa posi\u00e7\u00e3o da ministra Carmen L\u00facia, que defende a pauta das mulheres\u201d, declarou Monteiro ao jornal Folha de S.Paulo.\n<\/p>\n<p>Sem o fundo, Graeml arrecadou R$ 515 mil para sua campanha. O valor est\u00e1 bem abaixo dos R$ 12,4 milh\u00f5es obtidos por Eduardo Pimentel, seu oponente do PSD no 2\u00ba turno.\n<\/p>\n<p>Sem tempo de r\u00e1dio e TV, e praticamente sem participar de debates, Cristina conseguiu 31% dos votos no 1\u00ba turno. Ela ficou em segundo lugar nas urnas. J\u00e1 Eduardo Pimentel garantiu a primeira coloca\u00e7\u00e3o, com 33% dos votos. \u2018\n<\/p>\n<p>Formado em administra\u00e7\u00e3o de empresas, Pimentel tem de 39 anos. Declararam apoio a ele o ex-presidente Jair Bolsonaro, do governador de S\u00e3o Paulo, Tarc\u00edsio de Freitas, al\u00e9m do do governador do Paran\u00e1, Ratinho Junior.\n<\/p>\n<p>J\u00e1 Cristina Graeml, de 54 anos, tem passagens pela TV Globo, pelo jornal Gazeta do Povo e pela Revista Oeste. No entanto, nunca se candidatou a nenhum cargo pol\u00edtico.\n<\/p>\n<p>Fonte: Revista Oeste <\/p>\n<\/div>\n<p><br \/>\n<br \/><a href=\"https:\/\/diariodobrasilnoticias.com.br\/noticia\/tse-determina-a-suspensao-do-fundo-eleitoral-do-partido-de-cristina-graeml-67096c7262e5e\">Source link <\/a><\/p>","protected":false},"excerpt":{"rendered":"<p>Cristina Graeml, jornalista e candidata \u00e0 Prefeitura de Curitiba, n\u00e3o recebeu nenhum valor do fundo eleitoral do seu partido, o PMB, no 1\u00ba turno. Por causa de um erro formal&hellip;<\/p>","protected":false},"author":1,"featured_media":47309,"comment_status":"closed","ping_status":"open","sticky":false,"template":"","format":"standard","meta":{"content-type":"","footnotes":""},"categories":[16],"tags":[123,2448,5313,1267],"class_list":["post-47308","post","type-post","status-publish","format-standard","has-post-thumbnail","hentry","category-noticias","tag-brasil","tag-diario","tag-noticia","tag-noticias"],"_links":{"self":[{"href":"https:\/\/tvbrazilusa.com\/pt\/wp-json\/wp\/v2\/posts\/47308","targetHints":{"allow":["GET"]}}],"collection":[{"href":"https:\/\/tvbrazilusa.com\/pt\/wp-json\/wp\/v2\/posts"}],"about":[{"href":"https:\/\/tvbrazilusa.com\/pt\/wp-json\/wp\/v2\/types\/post"}],"author":[{"embeddable":true,"href":"https:\/\/tvbrazilusa.com\/pt\/wp-json\/wp\/v2\/users\/1"}],"replies":[{"embeddable":true,"href":"https:\/\/tvbrazilusa.com\/pt\/wp-json\/wp\/v2\/comments?post=47308"}],"version-history":[{"count":1,"href":"https:\/\/tvbrazilusa.com\/pt\/wp-json\/wp\/v2\/posts\/47308\/revisions"}],"predecessor-version":[{"id":47310,"href":"https:\/\/tvbrazilusa.com\/pt\/wp-json\/wp\/v2\/posts\/47308\/revisions\/47310"}],"wp:featuredmedia":[{"embeddable":true,"href":"https:\/\/tvbrazilusa.com\/pt\/wp-json\/wp\/v2\/media\/47309"}],"wp:attachment":[{"href":"https:\/\/tvbrazilusa.com\/pt\/wp-json\/wp\/v2\/media?parent=47308"}],"wp:term":[{"taxonomy":"category","embeddable":true,"href":"https:\/\/tvbrazilusa.com\/pt\/wp-json\/wp\/v2\/categories?post=47308"},{"taxonomy":"post_tag","embeddable":true,"href":"https:\/\/tvbrazilusa.com\/pt\/wp-json\/wp\/v2\/tags?post=47308"}],"curies":[{"name":"wp","href":"https:\/\/api.w.org\/{rel}","templated":true}]}}