{"id":47314,"date":"2024-10-11T21:42:55","date_gmt":"2024-10-11T21:42:55","guid":{"rendered":"https:\/\/tvbrazilusa.com\/2024\/10\/11\/tragedia-menina-de-12-anos-e-atacada-e-morta-por-caes-de-rua-ao-voltar-da-escola\/"},"modified":"2024-10-11T21:42:57","modified_gmt":"2024-10-11T21:42:57","slug":"tragedia-menina-de-12-anos-e-atacada-e-morta-por-caes-de-rua-ao-voltar-da-escola","status":"publish","type":"post","link":"https:\/\/tvbrazilusa.com\/pt\/2024\/10\/11\/tragedia-menina-de-12-anos-e-atacada-e-morta-por-caes-de-rua-ao-voltar-da-escola\/","title":{"rendered":"TRAG\u00c9DIA: Menina de 12 anos \u00e9 atacada e morta por c\u00e3es de rua ao voltar da escola."},"content":{"rendered":"<p> <script async src=\"https:\/\/pagead2.googlesyndication.com\/pagead\/js\/adsbygoogle.js?client=ca-pub-8864793242727901\"\r\n     crossorigin=\"anonymous\"><\/script><br \/>\n<\/p>\n<div id=\"taboola-read-more\" style=\"display:block; width:100%\">\n<p>Uma menina de 12 anos foi morta em um ataque de 15 c\u00e3es de rua na R\u00fassia. Segundo o jornal brit\u00e2nico Daily Mirror, Viktoria Kashuba voltava da escola na cidade de Chulman, em Yakutia, a regi\u00e3o mais fria do pa\u00eds.\n<\/p>\n<p>Ela falava ao telefone com uma amiga quando percebeu que alguns cachorros estavam se aproximando. Viktoria chamou pelo nome da amiga \u2014 \u201cLer, Ler, Ler\u201d \u2014 e gritou por ajuda: \u201cMe ajude! H\u00e1 muitos c\u00e3es aqui!\u201c.<\/p>\n<p>Ao ouvir o pedido, o pai da amiga entrou em contato com o pai de Viktoria, que a levou \u00e0s pressas ao hospital mais pr\u00f3ximo. L\u00e1, foi constatado que a jovem teve ferimentos profundos nas pernas, incha\u00e7o cerebral e fal\u00eancia de \u00f3rg\u00e3os.\n<\/p>\n<p>Um parente de Viktoria relatou ao jornal que quando ela chegou ao hospital, apenas seu cora\u00e7\u00e3o estava funcionando, gra\u00e7as \u00e0 adrenalina do corpo e a um aparelho de ventila\u00e7\u00e3o mec\u00e2nica. A garota n\u00e3o p\u00f4de ser transferida para um grande hospital pois estava muito fraca.\n<\/p>\n<p>Ela chegou a ficar internada por dois dias. O funeral da menina est\u00e1 marcado para s\u00e1bado (12), e foi declarado um dia de luto na cidade russa.\n<\/p>\n<p>\u201cTodos n\u00f3s t\u00ednhamos rezado pela recupera\u00e7\u00e3o da menina ferida nos \u00faltimos dias, mas infelizmente n\u00e3o conseguimos salv\u00e1-la. Expresso minhas mais profundas condol\u00eancias aos seus pais e entes queridos. Eles receber\u00e3o todo o apoio necess\u00e1rio\u201d, disse Aysen Nikolayev, governante local.\n<\/p>\n<p>Fonte: R7 <\/p>\n<\/div>\n<p><br \/>\n<br \/><a href=\"https:\/\/diariodobrasilnoticias.com.br\/noticia\/tragedia-menina-de-12-anos-e-atacada-e-morta-por-caes-de-rua-ao-voltar-da-escola-6709737deae93\">Source link <\/a><\/p>","protected":false},"excerpt":{"rendered":"<p>Uma menina de 12 anos foi morta em um ataque de 15 c\u00e3es de rua na R\u00fassia. Segundo o jornal brit\u00e2nico Daily Mirror, Viktoria Kashuba voltava da escola na cidade&hellip;<\/p>","protected":false},"author":1,"featured_media":47315,"comment_status":"closed","ping_status":"open","sticky":false,"template":"","format":"standard","meta":{"content-type":"","footnotes":""},"categories":[16],"tags":[123,2448,5313,1267],"class_list":["post-47314","post","type-post","status-publish","format-standard","has-post-thumbnail","hentry","category-noticias","tag-brasil","tag-diario","tag-noticia","tag-noticias"],"_links":{"self":[{"href":"https:\/\/tvbrazilusa.com\/pt\/wp-json\/wp\/v2\/posts\/47314","targetHints":{"allow":["GET"]}}],"collection":[{"href":"https:\/\/tvbrazilusa.com\/pt\/wp-json\/wp\/v2\/posts"}],"about":[{"href":"https:\/\/tvbrazilusa.com\/pt\/wp-json\/wp\/v2\/types\/post"}],"author":[{"embeddable":true,"href":"https:\/\/tvbrazilusa.com\/pt\/wp-json\/wp\/v2\/users\/1"}],"replies":[{"embeddable":true,"href":"https:\/\/tvbrazilusa.com\/pt\/wp-json\/wp\/v2\/comments?post=47314"}],"version-history":[{"count":1,"href":"https:\/\/tvbrazilusa.com\/pt\/wp-json\/wp\/v2\/posts\/47314\/revisions"}],"predecessor-version":[{"id":47316,"href":"https:\/\/tvbrazilusa.com\/pt\/wp-json\/wp\/v2\/posts\/47314\/revisions\/47316"}],"wp:featuredmedia":[{"embeddable":true,"href":"https:\/\/tvbrazilusa.com\/pt\/wp-json\/wp\/v2\/media\/47315"}],"wp:attachment":[{"href":"https:\/\/tvbrazilusa.com\/pt\/wp-json\/wp\/v2\/media?parent=47314"}],"wp:term":[{"taxonomy":"category","embeddable":true,"href":"https:\/\/tvbrazilusa.com\/pt\/wp-json\/wp\/v2\/categories?post=47314"},{"taxonomy":"post_tag","embeddable":true,"href":"https:\/\/tvbrazilusa.com\/pt\/wp-json\/wp\/v2\/tags?post=47314"}],"curies":[{"name":"wp","href":"https:\/\/api.w.org\/{rel}","templated":true}]}}