{"id":47317,"date":"2024-10-11T21:57:48","date_gmt":"2024-10-11T21:57:48","guid":{"rendered":"https:\/\/tvbrazilusa.com\/2024\/10\/11\/aneel-nao-entende-o-que-e-decisao-judicial-diz-silveira-paulo-figueiredo\/"},"modified":"2024-10-11T21:58:21","modified_gmt":"2024-10-11T21:58:21","slug":"aneel-nao-entende-o-que-e-decisao-judicial-diz-silveira-paulo-figueiredo","status":"publish","type":"post","link":"https:\/\/tvbrazilusa.com\/pt\/2024\/10\/11\/aneel-nao-entende-o-que-e-decisao-judicial-diz-silveira-paulo-figueiredo\/","title":{"rendered":"Aneel n\u00e3o entende o que \u00e9 decis\u00e3o judicial, diz Silveira &#8211; Paulo Figueiredo"},"content":{"rendered":"<p> <script async src=\"https:\/\/pagead2.googlesyndication.com\/pagead\/js\/adsbygoogle.js?client=ca-pub-8864793242727901\"\r\n     crossorigin=\"anonymous\"><\/script><br \/>\n<\/p>\n<div id=\"wtr-content\" data-bg=\"#FFFFFF\" data-fg=\"#006d91\" data-width=\"25\" data-mute=\"1\" data-fgopacity=\"1.00\" data-mutedopacity=\"0.5\" data-placement=\"bottom\" data-placement-offset=\"0\" data-content-offset=\"262\" data-placement-touch=\"bottom\" data-placement-offset-touch=\"0\" data-transparent=\"\" data-shadow=\"0\" data-touch=\"1\" data-non-touch=\"1\" data-comments=\"0\" data-commentsbg=\"transparent\" data-location=\"page\" data-mutedfg=\"#006d91\" data-endfg=\"#006d91\" data-rtl=\"\">\n<h3 class=\"wp-block-heading\">\u201c\u00c9 inadmiss\u00edvel que Lula fa\u00e7a decretos e a Aneel n\u00e3o cumpra. \u00c9 a 1\u00aa vez que eu vejo isso na minha vida\u201d, declarou Silveira<\/h3>\n<p>O ministro de Minas e Energia,\u00a0Alexandre Silveira, declarou nesta 6\u00aa feira (11.out.2024) ser\u00a0<em>\u201cinadmiss\u00edvel\u201d\u00a0<\/em>que o presidente\u00a0Luiz In\u00e1cio Lula da Silva\u00a0(PT) fa\u00e7a decretos e medidas provis\u00f3rias e a\u00a0Aneel\u00a0(Ag\u00eancia Nacional de Energia El\u00e9trica) descumpra.\u00a0<em>\u201cChegaram ao absurdo de n\u00e3o cumprir decis\u00e3o judicial\u201d<\/em>. Falou a jornalistas depois de participar do f\u00f3rum internacional do grupo Esfera, realizado em Roma (It\u00e1lia).<\/p>\n<p><em>\u201c\u00c9 a 1\u00aa vez que eu vejo na minha vida. Eu fui secret\u00e1rio de Estado de Sa\u00fade, fui diretor-geral do\u00a0Dnit, sou delegado de pol\u00edcia. Tive uma carreira muito ecl\u00e9tica. Sempre que eu n\u00e3o concordava com uma liminar, eu cumpria e recorria. Isso \u00e9 o Estado Democr\u00e1tico de Direito\u201d<\/em>, disse o ministro.<\/p>\n<p>Silveira afirmou que as ag\u00eancias reguladoras\u00a0<em>\u201caprenderam muito r\u00e1pido a parte ruim do governo anterior<\/em>\u00a0[de\u00a0Jair Bolsonaro],<em>\u00a0que \u00e9 n\u00e3o entender o que \u00e9 a harmonia entre os Poderes e entender o que \u00e9 uma decis\u00e3o judicial\u201d<\/em>. Declarou ser necess\u00e1rio\u00a0<em>\u201cremodelar\u201d<\/em>.<\/p>\n<p>Segundo o ministro,\u00a0<em>\u201co v\u00e1cuo do poder fez muito mal ao Brasil.\u00a0<\/em>[\u2026]\u00a0<em>Quando h\u00e1 v\u00e1cuo de poder, outro se ocupa\u201d<\/em>.<\/p>\n<p>Silveira foi questionado sobre a J&#038;F ter assinado a transfer\u00eancia da\u00a0Amazonas Energia\u00a0perto da meia-noite de 6\u00aa feira, pouco antes do prazo que a MP, que viabiliza o repasse da concess\u00e3o da distribuidora, perder a validade. O ministro afirmou ter sido informado\u00a0<em>\u201cpor meio da imprensa\u201d<\/em>.<\/p>\n<p><em>\u201cEu n\u00e3o admito conversar sobre o m\u00e9rito da decis\u00e3o. Eu converso sobre a forma, velocidade, responsabilidade, transpar\u00eancia, di\u00e1logo.\u00a0<\/em>[\u2026]\u00a0<em>Eu acho um absurdo. As ag\u00eancias reguladoras s\u00e3o vinculadas ao\u00a0Minist\u00e9rio de Minas e Energia. Deveriam se esfor\u00e7ar para ter um di\u00e1logo muito positivo. Eu fa\u00e7o isso. Dialogo para fazer constru\u00e7\u00e3o. Tenho coragem de \u00e0s vezes fazer enfrentamentos que s\u00e3o necess\u00e1rios. Lugar de banana \u00e9 na vitamina\u201d<\/em>, disse Silveira.<\/p>\n<h3 class=\"wp-block-heading\"><strong>2\u00ba F\u00d3RUM ESFERA INTERNACIONAL<\/strong><\/h3>\n<p>O grupo Esfera realiza nesta 6\u00aa feira (11.out.2024) e no s\u00e1bado (12.out.2024) seu 2\u00ba f\u00f3rum internacional. O evento deste ano ser\u00e1 em Roma em comemora\u00e7\u00e3o aos 150 anos da imigra\u00e7\u00e3o italiana no Brasil. <\/p>\n<p>A\u00a0<em>think tank<\/em>\u00a0atua na promo\u00e7\u00e3o de debates entre os setores p\u00fablicos e privados. Foi criada em 2021 pelo empres\u00e1rio\u00a0Jo\u00e3o Camargo, 63 anos.\u00a0\u00c9 presidente\u00a0do Conselho Executivo da\u00a0<em>CNN Brasil<\/em>,\u00a0<em>chairman<\/em>\u00a0da\u00a0<em>R\u00e1dio Disney<\/em>\u00a0e acionista das r\u00e1dios\u00a0<em>Alpha<\/em>,\u00a0<em>BandNews FM<\/em>,\u00a0<em>Nativa<\/em>\u00a0e\u00a0<em>89 FM<\/em>. Atualmente, a CEO do Esfera \u00e9 sua filha,\u00a0Camila Camargo, 31 anos.<\/p>\n<p>Eis os pain\u00e9is e os participantes desta 6\u00aa feira (11.out):<\/p>\n<ul class=\"wp-block-list\">\n<li>\u201cComo atrair investimentos?\u201d, \u00e0s 9h de Roma e \u00e0s 4h de Bras\u00edlia:\n<ul class=\"wp-block-list\">\n<li><strong>Ciro Nogueira\u00a0<\/strong>(PP-PI),\u00a0senador\u00a0e presidente nacional do partido;<\/li>\n<li><strong>Daniel Vorcaro<\/strong>,\u00a0presidente\u00a0do Banco Master;<\/li>\n<li><strong>Eug\u00eanio Mattar<\/strong>,\u00a0presidente\u00a0do Conselho de Administra\u00e7\u00e3o da Localiza;<\/li>\n<li><strong>Doutor Luizinho\u00a0<\/strong>(PP-RJ),\u00a0deputado\u00a0e l\u00edder do partido na C\u00e2mara.<\/li>\n<\/ul>\n<\/li>\n<li>\u201cSeguran\u00e7a jur\u00eddica: garantia de estabilidade\u201d, \u00e0s 9h45 de Roma e \u00e0s 4h45 de Bras\u00edlia:\n<ul class=\"wp-block-list\">\n<li><strong>Dias Toffoli<\/strong>,\u00a0ministro\u00a0do STF (Supremo Tribunal Federal);<\/li>\n<li><strong>Ricardo Lewandowski<\/strong>,\u00a0ministro\u00a0de Justi\u00e7a e Seguran\u00e7a P\u00fablica;<\/li>\n<li><strong>Matteo Piantedosi<\/strong>,\u00a0ministro\u00a0do Interior da It\u00e1lia.<\/li>\n<\/ul>\n<\/li>\n<li>\u201cSeguran\u00e7a alimentar: garantia de acesso\u201d, \u00e0s 11h de Roma e \u00e0s 6h de Bras\u00edlia:\n<ul class=\"wp-block-list\">\n<li><strong>Geyze Diniz<\/strong>,\u00a0cofundadora\u00a0do Pacto Contra a Fome e vi\u00fava de\u00a0Abilio Diniz\u00a0(1936-2024);<\/li>\n<li><strong>Carla Barroso<\/strong>,\u00a0embaixadora\u00a0e representante do Brasil nas ag\u00eancias da ONU baseadas em Roma;<\/li>\n<li><strong>Pierpaolo Bottini<\/strong>,\u00a0advogado\u00a0e professor de direito penal na\u00a0USP\u00a0(Universidade de S\u00e3o Paulo).<\/li>\n<\/ul>\n<\/li>\n<li>\u201cSpeech\u201d, \u00e0s 11h30 de Roma e \u00e0s 6h30 de Bras\u00edlia:\n<ul class=\"wp-block-list\">\n<li><strong>Flavio Cattaneo<\/strong>,\u00a0CEO\u00a0da\u00a0Enel;<\/li>\n<li><strong>Francesco Lollobrigida<\/strong>,\u00a0ministro\u00a0da Agricultura da It\u00e1lia.<\/li>\n<\/ul>\n<\/li>\n<li>\u201c150 anos de conex\u00e3o It\u00e1lia-Brasil\u201d, \u00e0s 11h45 de Roma e \u00e0s 6h45 de Bras\u00edlia:\n<ul class=\"wp-block-list\">\n<li><strong>Roberto Azev\u00eado<\/strong>, presidente global de Opera\u00e7\u00f5es da\u00a0Ambipar;<\/li>\n<li><strong>Fabio Porta\u00a0<\/strong>(Partido Democr\u00e1tico, de centro),\u00a0deputado\u00a0da It\u00e1lia;<\/li>\n<li><strong>Renato<\/strong>\u00a0<strong>Mosca<\/strong>,\u00a0embaixador\u00a0do Brasil em Roma;<\/li>\n<\/ul>\n<\/li>\n<li>\u201cRumo \u00e0 sustentabilidade: a nova era energ\u00e9tica\u201d, \u00e0s 12h30 de Roma e \u00e0s 7h de Bras\u00edlia<\/li>\n<\/ul>\n<p><strong><a href=\"https:\/\/www.poder360.com.br\/poder-infra\/aneel-nao-entende-o-que-e-decisao-judicial-diz-silveira\/\">Source link<\/a><\/strong><\/p>\n<\/div>\n<p><br \/>\n<br \/><a href=\"https:\/\/paulofigueiredoshow.com\/aneel-nao-entende-o-que-e-decisao-judicial-diz-silveira\/\">Source link <\/a><\/p>","protected":false},"excerpt":{"rendered":"<p>\u201c\u00c9 inadmiss\u00edvel que Lula fa\u00e7a decretos e a Aneel n\u00e3o cumpra. \u00c9 a 1\u00aa vez que eu vejo isso na minha vida\u201d, declarou Silveira O ministro de Minas e Energia,\u00a0Alexandre&hellip;<\/p>","protected":false},"author":1,"featured_media":47318,"comment_status":"closed","ping_status":"open","sticky":false,"template":"","format":"standard","meta":{"content-type":"","footnotes":""},"categories":[16],"tags":[24551,3301,26858,89,2062,1378,26859],"class_list":["post-47317","post","type-post","status-publish","format-standard","has-post-thumbnail","hentry","category-noticias","tag-aneel","tag-decisao","tag-dnit","tag-lula","tag-ministros","tag-pt","tag-think-tank"],"_links":{"self":[{"href":"https:\/\/tvbrazilusa.com\/pt\/wp-json\/wp\/v2\/posts\/47317","targetHints":{"allow":["GET"]}}],"collection":[{"href":"https:\/\/tvbrazilusa.com\/pt\/wp-json\/wp\/v2\/posts"}],"about":[{"href":"https:\/\/tvbrazilusa.com\/pt\/wp-json\/wp\/v2\/types\/post"}],"author":[{"embeddable":true,"href":"https:\/\/tvbrazilusa.com\/pt\/wp-json\/wp\/v2\/users\/1"}],"replies":[{"embeddable":true,"href":"https:\/\/tvbrazilusa.com\/pt\/wp-json\/wp\/v2\/comments?post=47317"}],"version-history":[{"count":1,"href":"https:\/\/tvbrazilusa.com\/pt\/wp-json\/wp\/v2\/posts\/47317\/revisions"}],"predecessor-version":[{"id":47319,"href":"https:\/\/tvbrazilusa.com\/pt\/wp-json\/wp\/v2\/posts\/47317\/revisions\/47319"}],"wp:featuredmedia":[{"embeddable":true,"href":"https:\/\/tvbrazilusa.com\/pt\/wp-json\/wp\/v2\/media\/47318"}],"wp:attachment":[{"href":"https:\/\/tvbrazilusa.com\/pt\/wp-json\/wp\/v2\/media?parent=47317"}],"wp:term":[{"taxonomy":"category","embeddable":true,"href":"https:\/\/tvbrazilusa.com\/pt\/wp-json\/wp\/v2\/categories?post=47317"},{"taxonomy":"post_tag","embeddable":true,"href":"https:\/\/tvbrazilusa.com\/pt\/wp-json\/wp\/v2\/tags?post=47317"}],"curies":[{"name":"wp","href":"https:\/\/api.w.org\/{rel}","templated":true}]}}