{"id":47323,"date":"2024-10-11T22:34:21","date_gmt":"2024-10-11T22:34:21","guid":{"rendered":"https:\/\/tvbrazilusa.com\/2024\/10\/11\/em-live-de-marcal-essa-noite-um-seguidor-disse-que-vai-votar-no-boulos-por-causa-da-sacanagem-que-bolsonaro-fez-com-marcal-veja-video\/"},"modified":"2024-10-11T22:34:22","modified_gmt":"2024-10-11T22:34:22","slug":"em-live-de-marcal-essa-noite-um-seguidor-disse-que-vai-votar-no-boulos-por-causa-da-sacanagem-que-bolsonaro-fez-com-marcal-veja-video","status":"publish","type":"post","link":"https:\/\/tvbrazilusa.com\/pt\/2024\/10\/11\/em-live-de-marcal-essa-noite-um-seguidor-disse-que-vai-votar-no-boulos-por-causa-da-sacanagem-que-bolsonaro-fez-com-marcal-veja-video\/","title":{"rendered":"Em live de Mar\u00e7al essa noite, um seguidor disse que vai votar no Boulos por causa da sacanagem que Bolsonaro fez com Mar\u00e7al; VEJA V\u00cdDEO"},"content":{"rendered":"<p> <script async src=\"https:\/\/pagead2.googlesyndication.com\/pagead\/js\/adsbygoogle.js?client=ca-pub-8864793242727901\"\r\n     crossorigin=\"anonymous\"><\/script><br \/>\n<\/p>\n<div id=\"taboola-read-more\" style=\"display:block; width:100%\">\n<p>Em live de Mar\u00e7al essa noite, um seguidor disse que vai votar no Boulos por causa da sacanagem que Bolsonaro fez com Mar\u00e7al\n<\/p>\n<p><strong>Veja resposta de Mar\u00e7al:<\/strong><\/p>\n<div style=\"display: flex; flex-direction: row; justify-content: center; width: 100%;\">\n<blockquote class=\"instagram-media\" style=\"background: #FFF; border: 0; border-radius: 3px; box-shadow: 0 0 1px 0 rgba(0,0,0,0.5),0 1px 10px 0 rgba(0,0,0,0.15); margin: 1px; max-width: 540px; min-width: 326px; padding: 0; width: calc(100% - 2px);\" data-instgrm-captioned=\"\" data-instgrm-permalink=\"https:\/\/www.instagram.com\/reel\/DA_5P-NxqjK\/?utm_source=ig_embed&#038;utm_campaign=loading\" data-instgrm-version=\"14\">\n<div style=\"padding: 16px;\">\n<p>\u00a0<\/p>\n<p>\u00a0<\/p>\n<p>\u00a0<\/p>\n<div style=\"padding-top: 8px;\">\n<p>Ver essa foto no Instagram<\/p>\n<\/div>\n<p>\u00a0<\/p>\n<p>\u00a0<\/p>\n<p>\u00a0<\/p>\n<p style=\"color: #c9c8cd; font-family: Arial,sans-serif; font-size: 14px; line-height: 17px; margin-bottom: 0; margin-top: 8px; overflow: hidden; padding: 8px 0 7px; text-align: center; text-overflow: ellipsis; white-space: nowrap;\"><a style=\"color: #c9c8cd; font-family: Arial,sans-serif; font-size: 14px; font-style: normal; font-weight: normal; line-height: 17px; text-decoration: none;\" href=\"https:\/\/www.instagram.com\/reel\/DA_5P-NxqjK\/?utm_source=ig_embed&#038;utm_campaign=loading\" target=\"_blank\" rel=\"noopener noreferrer\">Uma publica\u00e7\u00e3o compartilhada por Di\u00e1rio Do Brasil Not\u00edcias (@diariodobrasilnoticias_)<\/a>\n<\/p>\n<\/div>\n<\/blockquote>\n<\/div>\n<p>Fonte:@voxdaliberdade \/ X <\/p>\n<\/div>\n<p><script async src=\"\/\/www.instagram.com\/embed.js\"><\/script><br \/>\n<br \/><br \/>\n<br \/><a href=\"https:\/\/diariodobrasilnoticias.com.br\/noticia\/em-live-de-marcal-essa-noite-um-seguidor-disse-que-vai-votar-no-boulos-por-causa-da-sacanagem-que-bolsonaro-fez-com-marcal-veja-video-670991b03d977\">Source link <\/a><\/p>","protected":false},"excerpt":{"rendered":"<p>Em live de Mar\u00e7al essa noite, um seguidor disse que vai votar no Boulos por causa da sacanagem que Bolsonaro fez com Mar\u00e7al Veja resposta de Mar\u00e7al: \u00a0 \u00a0 \u00a0&hellip;<\/p>","protected":false},"author":1,"featured_media":47324,"comment_status":"closed","ping_status":"open","sticky":false,"template":"","format":"standard","meta":{"content-type":"","footnotes":""},"categories":[16],"tags":[123,2448,5313,1267],"class_list":["post-47323","post","type-post","status-publish","format-standard","has-post-thumbnail","hentry","category-noticias","tag-brasil","tag-diario","tag-noticia","tag-noticias"],"_links":{"self":[{"href":"https:\/\/tvbrazilusa.com\/pt\/wp-json\/wp\/v2\/posts\/47323","targetHints":{"allow":["GET"]}}],"collection":[{"href":"https:\/\/tvbrazilusa.com\/pt\/wp-json\/wp\/v2\/posts"}],"about":[{"href":"https:\/\/tvbrazilusa.com\/pt\/wp-json\/wp\/v2\/types\/post"}],"author":[{"embeddable":true,"href":"https:\/\/tvbrazilusa.com\/pt\/wp-json\/wp\/v2\/users\/1"}],"replies":[{"embeddable":true,"href":"https:\/\/tvbrazilusa.com\/pt\/wp-json\/wp\/v2\/comments?post=47323"}],"version-history":[{"count":1,"href":"https:\/\/tvbrazilusa.com\/pt\/wp-json\/wp\/v2\/posts\/47323\/revisions"}],"predecessor-version":[{"id":47325,"href":"https:\/\/tvbrazilusa.com\/pt\/wp-json\/wp\/v2\/posts\/47323\/revisions\/47325"}],"wp:featuredmedia":[{"embeddable":true,"href":"https:\/\/tvbrazilusa.com\/pt\/wp-json\/wp\/v2\/media\/47324"}],"wp:attachment":[{"href":"https:\/\/tvbrazilusa.com\/pt\/wp-json\/wp\/v2\/media?parent=47323"}],"wp:term":[{"taxonomy":"category","embeddable":true,"href":"https:\/\/tvbrazilusa.com\/pt\/wp-json\/wp\/v2\/categories?post=47323"},{"taxonomy":"post_tag","embeddable":true,"href":"https:\/\/tvbrazilusa.com\/pt\/wp-json\/wp\/v2\/tags?post=47323"}],"curies":[{"name":"wp","href":"https:\/\/api.w.org\/{rel}","templated":true}]}}