{"id":47346,"date":"2024-10-11T23:44:02","date_gmt":"2024-10-11T23:44:02","guid":{"rendered":"https:\/\/tvbrazilusa.com\/2024\/10\/11\/o-ministro-de-minas-e-energia-afirma-que-a-decisao-sobre-o-retorno-do-horario-de-verao-sera-anunciada-na-proxima-terca-feira\/"},"modified":"2024-10-11T23:44:03","modified_gmt":"2024-10-11T23:44:03","slug":"o-ministro-de-minas-e-energia-afirma-que-a-decisao-sobre-o-retorno-do-horario-de-verao-sera-anunciada-na-proxima-terca-feira","status":"publish","type":"post","link":"https:\/\/tvbrazilusa.com\/pt\/2024\/10\/11\/o-ministro-de-minas-e-energia-afirma-que-a-decisao-sobre-o-retorno-do-horario-de-verao-sera-anunciada-na-proxima-terca-feira\/","title":{"rendered":"O ministro de Minas e Energia afirma que a decis\u00e3o sobre o retorno do hor\u00e1rio de ver\u00e3o ser\u00e1 anunciada na pr\u00f3xima ter\u00e7a-feira"},"content":{"rendered":"<p> <script async src=\"https:\/\/pagead2.googlesyndication.com\/pagead\/js\/adsbygoogle.js?client=ca-pub-8864793242727901\"\r\n     crossorigin=\"anonymous\"><\/script><br \/>\n<\/p>\n<div data-block-type=\"unstyled\" data-block-weight=\"51\" data-block-id=\"2\">\n<p class=\"content-text__container theme-color-primary-first-letter\" data-track-category=\"Link no Texto\" data-track-links=\"\" data-mrf-recirculation=\"Recomenda\u00e7\u00e3o meio do texto\">O ministro de Minas e Energia, Alexandre Silveira, disse, nesta sexta-feira (dia 11), que a decis\u00e3o sobre a volta do hor\u00e1rio de ver\u00e3o neste ano ser\u00e1 tomada na pr\u00f3xima ter\u00e7a-feira (dia15). Segundo Silveira, caso a decis\u00e3o seja favor\u00e1vel, ser\u00e1 necess\u00e1rio um prazo de no m\u00ednimo 20 dias para implementar a medida.\n<\/p>\n<\/div>\n<p><br \/>\n<br \/><a href=\"https:\/\/diariodobrasilnoticias.com.br\/noticia\/o-ministro-de-minas-e-energia-afirma-que-a-decisao-sobre-o-retorno-do-horario-de-verao-sera-anunciada-na-proxima-terca-feira-670994f89431c\">Source link <\/a><\/p>","protected":false},"excerpt":{"rendered":"<p>O ministro de Minas e Energia, Alexandre Silveira, disse, nesta sexta-feira (dia 11), que a decis\u00e3o sobre a volta do hor\u00e1rio de ver\u00e3o neste ano ser\u00e1 tomada na pr\u00f3xima ter\u00e7a-feira&hellip;<\/p>","protected":false},"author":1,"featured_media":47347,"comment_status":"closed","ping_status":"open","sticky":false,"template":"","format":"standard","meta":{"content-type":"","footnotes":""},"categories":[16],"tags":[123,2448,5313,1267],"class_list":["post-47346","post","type-post","status-publish","format-standard","has-post-thumbnail","hentry","category-noticias","tag-brasil","tag-diario","tag-noticia","tag-noticias"],"_links":{"self":[{"href":"https:\/\/tvbrazilusa.com\/pt\/wp-json\/wp\/v2\/posts\/47346","targetHints":{"allow":["GET"]}}],"collection":[{"href":"https:\/\/tvbrazilusa.com\/pt\/wp-json\/wp\/v2\/posts"}],"about":[{"href":"https:\/\/tvbrazilusa.com\/pt\/wp-json\/wp\/v2\/types\/post"}],"author":[{"embeddable":true,"href":"https:\/\/tvbrazilusa.com\/pt\/wp-json\/wp\/v2\/users\/1"}],"replies":[{"embeddable":true,"href":"https:\/\/tvbrazilusa.com\/pt\/wp-json\/wp\/v2\/comments?post=47346"}],"version-history":[{"count":1,"href":"https:\/\/tvbrazilusa.com\/pt\/wp-json\/wp\/v2\/posts\/47346\/revisions"}],"predecessor-version":[{"id":47348,"href":"https:\/\/tvbrazilusa.com\/pt\/wp-json\/wp\/v2\/posts\/47346\/revisions\/47348"}],"wp:featuredmedia":[{"embeddable":true,"href":"https:\/\/tvbrazilusa.com\/pt\/wp-json\/wp\/v2\/media\/47347"}],"wp:attachment":[{"href":"https:\/\/tvbrazilusa.com\/pt\/wp-json\/wp\/v2\/media?parent=47346"}],"wp:term":[{"taxonomy":"category","embeddable":true,"href":"https:\/\/tvbrazilusa.com\/pt\/wp-json\/wp\/v2\/categories?post=47346"},{"taxonomy":"post_tag","embeddable":true,"href":"https:\/\/tvbrazilusa.com\/pt\/wp-json\/wp\/v2\/tags?post=47346"}],"curies":[{"name":"wp","href":"https:\/\/api.w.org\/{rel}","templated":true}]}}