{"id":47351,"date":"2024-10-12T00:03:57","date_gmt":"2024-10-12T00:03:57","guid":{"rendered":"https:\/\/tvbrazilusa.com\/2024\/10\/12\/ons-sinaliza-para-a-deterioracao-do-abastecimento-de-energia-eletrica\/"},"modified":"2024-10-12T00:03:58","modified_gmt":"2024-10-12T00:03:58","slug":"ons-sinaliza-para-a-deterioracao-do-abastecimento-de-energia-eletrica","status":"publish","type":"post","link":"https:\/\/tvbrazilusa.com\/pt\/2024\/10\/12\/ons-sinaliza-para-a-deterioracao-do-abastecimento-de-energia-eletrica\/","title":{"rendered":"ONS sinaliza para a deteriora\u00e7\u00e3o do abastecimento de energia el\u00e9trica"},"content":{"rendered":"<p> <script async src=\"https:\/\/pagead2.googlesyndication.com\/pagead\/js\/adsbygoogle.js?client=ca-pub-8864793242727901\"\r\n     crossorigin=\"anonymous\"><\/script><br \/>\n<\/p>\n<div>\n<figure class=\"post-image\">\n<\/figure>\n<p><span style=\"font-size: 12px\">Foto: Tauan Alencar \/MME<\/span><\/p>\n<div id=\"taboola-read-more\" style=\"display:block; width:100%\">\n<p>O Operador Nacional do Sistema El\u00e9trico (ONS) apresentou ao governo federal uma avalia\u00e7\u00e3o preocupante sobre as condi\u00e7\u00f5es de fornecimento de energia no pa\u00eds. Segundo o \u00f3rg\u00e3o, os cen\u00e1rios para o per\u00edodo entre outubro de 2024 e mar\u00e7o de 2025 indicam grandes incertezas quanto ao in\u00edcio do per\u00edodo de chuvas, crucial para a recupera\u00e7\u00e3o dos reservat\u00f3rios das hidrel\u00e9tricas.\n<\/p>\n<p>Apesar de algumas previs\u00f5es indicarem um aumento no volume de precipita\u00e7\u00f5es a partir da segunda quinzena de outubro, o ONS alertou que a estiagem severa que atingiu o Brasil nos \u00faltimos meses trouxe grandes desafios. As primeiras chuvas precisar\u00e3o, inicialmente, saturar o solo para que ele recupere sua umidade. Somente ap\u00f3s isso, seria poss\u00edvel observar uma recupera\u00e7\u00e3o significativa nos n\u00edveis dos rios que alimentam as hidrel\u00e9tricas.<\/p>\n<p>O ONS apresentou dois cen\u00e1rios prospectivos sobre a energia natural afluente \u2013 o volume de \u00e1gua que chega \u00e0s hidrel\u00e9tricas por meio dos rios, um indicador essencial para a gera\u00e7\u00e3o de energia. Em ambos os cen\u00e1rios, as proje\u00e7\u00f5es para os pr\u00f3ximos meses ficaram abaixo da m\u00e9dia hist\u00f3rica:\n<\/p>\n<ul>\n<li>Cen\u00e1rio positivo: 96% da m\u00e9dia hist\u00f3rica.<\/li>\n<li>Cen\u00e1rio negativo: 81% da m\u00e9dia hist\u00f3rica, que seria o 10\u00ba pior em 94 anos de registros.<\/li>\n<\/ul>\n<p>Quanto aos n\u00edveis de energia armazenada, ou seja, o volume de \u00e1gua nos reservat\u00f3rios ao final de mar\u00e7o de 2025, as proje\u00e7\u00f5es tamb\u00e9m preocupam. No cen\u00e1rio otimista, os reservat\u00f3rios das regi\u00f5es Sudeste e Centro-Oeste teriam um aumento de 13,8 pontos percentuais em rela\u00e7\u00e3o a mar\u00e7o de 2024. No cen\u00e1rio pessimista, os n\u00edveis seriam 23,4 pontos percentuais menores.\n<\/p>\n<ul>\n<li>Cen\u00e1rio positivo: 85,2% de energia armazenada.<\/li>\n<li>Cen\u00e1rio negativo: 50,8% de energia armazenada.<\/li>\n<\/ul>\n<p>Fonte: Gazeta do Povo <\/p>\n<\/div>\n<div class=\"row mt-3\">\n<div class=\"col-sm-6\">\n<p><a href=\"https:\/\/chat.whatsapp.com\/J6hwSKYns5B0XFowx2wZ0P\" target=\"_blank\" rel=\"noopener\"><br \/>\n<img decoding=\"async\" src=\"https:\/\/diariodobrasilnoticias.com.br\/assets-site\/images\/bot_whatsapp.png\"\/><\/a>\n<\/div>\n<div class=\"col-sm-6\">\n<a href=\"https:\/\/t.me\/+_4gTmi5LKo03OTM5\" target=\"_blank\" rel=\"noopener\"><br \/>\n<img decoding=\"async\" src=\"https:\/\/diariodobrasilnoticias.com.br\/assets-site\/images\/bot_telegram.png\"\/><\/a>\n<\/div>\n<\/div>\n<\/div>\n<p><br \/>\n<br \/><a href=\"https:\/\/diariodobrasilnoticias.com.br\/noticia\/ons-sinaliza-para-a-deterioracao-do-abastecimento-de-energia-eletrica-670997470fcae\">Source link <\/a><\/p>","protected":false},"excerpt":{"rendered":"<p>Foto: Tauan Alencar \/MME O Operador Nacional do Sistema El\u00e9trico (ONS) apresentou ao governo federal uma avalia\u00e7\u00e3o preocupante sobre as condi\u00e7\u00f5es de fornecimento de energia no pa\u00eds. Segundo o \u00f3rg\u00e3o,&hellip;<\/p>","protected":false},"author":1,"featured_media":47352,"comment_status":"closed","ping_status":"open","sticky":false,"template":"","format":"standard","meta":{"content-type":"","footnotes":""},"categories":[16],"tags":[123,2448,5313,1267],"class_list":["post-47351","post","type-post","status-publish","format-standard","has-post-thumbnail","hentry","category-noticias","tag-brasil","tag-diario","tag-noticia","tag-noticias"],"_links":{"self":[{"href":"https:\/\/tvbrazilusa.com\/pt\/wp-json\/wp\/v2\/posts\/47351","targetHints":{"allow":["GET"]}}],"collection":[{"href":"https:\/\/tvbrazilusa.com\/pt\/wp-json\/wp\/v2\/posts"}],"about":[{"href":"https:\/\/tvbrazilusa.com\/pt\/wp-json\/wp\/v2\/types\/post"}],"author":[{"embeddable":true,"href":"https:\/\/tvbrazilusa.com\/pt\/wp-json\/wp\/v2\/users\/1"}],"replies":[{"embeddable":true,"href":"https:\/\/tvbrazilusa.com\/pt\/wp-json\/wp\/v2\/comments?post=47351"}],"version-history":[{"count":1,"href":"https:\/\/tvbrazilusa.com\/pt\/wp-json\/wp\/v2\/posts\/47351\/revisions"}],"predecessor-version":[{"id":47353,"href":"https:\/\/tvbrazilusa.com\/pt\/wp-json\/wp\/v2\/posts\/47351\/revisions\/47353"}],"wp:featuredmedia":[{"embeddable":true,"href":"https:\/\/tvbrazilusa.com\/pt\/wp-json\/wp\/v2\/media\/47352"}],"wp:attachment":[{"href":"https:\/\/tvbrazilusa.com\/pt\/wp-json\/wp\/v2\/media?parent=47351"}],"wp:term":[{"taxonomy":"category","embeddable":true,"href":"https:\/\/tvbrazilusa.com\/pt\/wp-json\/wp\/v2\/categories?post=47351"},{"taxonomy":"post_tag","embeddable":true,"href":"https:\/\/tvbrazilusa.com\/pt\/wp-json\/wp\/v2\/tags?post=47351"}],"curies":[{"name":"wp","href":"https:\/\/api.w.org\/{rel}","templated":true}]}}