{"id":4736,"date":"2024-07-20T21:33:58","date_gmt":"2024-07-20T21:33:58","guid":{"rendered":"https:\/\/tvbrazilusa.com\/2024\/07\/20\/moraes-muda-de-ideia-de-decisao-que-quase-devastou-as-eleicoes\/"},"modified":"2024-07-20T21:43:01","modified_gmt":"2024-07-20T21:43:01","slug":"moraes-muda-de-ideia-de-decisao-que-quase-devastou-as-eleicoes","status":"publish","type":"post","link":"https:\/\/tvbrazilusa.com\/pt\/2024\/07\/20\/moraes-muda-de-ideia-de-decisao-que-quase-devastou-as-eleicoes\/","title":{"rendered":"Moraes \u201cmuda de ideia\u201d de decis\u00e3o que quase devastou as elei\u00e7\u00f5es"},"content":{"rendered":"<p> <script async src=\"https:\/\/pagead2.googlesyndication.com\/pagead\/js\/adsbygoogle.js?client=ca-pub-8864793242727901\"\r\n     crossorigin=\"anonymous\"><\/script><br \/>\n<\/p>\n<div>\n<p>Foto: Reprodu\u00e7\u00e3o\/Jorge William \/ Ag\u00eancia O Globo.<\/p>\n<p>Na \u00faltima semana, o cen\u00e1rio pol\u00edtico do Brasil foi sacudido por uma surpreendente decis\u00e3o judicial. O Ministro Alexandre de Moraes, do Supremo Tribunal Federal, protagonizou um epis\u00f3dio inicialmente restringindo a atua\u00e7\u00e3o pol\u00edtica de importantes figuras do cen\u00e1rio nacional, como o deputado Alexandre Ramagem e outros aliados pr\u00f3ximos ao ex-presidente Jair Bolsonaro. Por\u00e9m, esse cen\u00e1rio viu uma mudan\u00e7a dram\u00e1tica quando o mesmo Ministro revogou a decis\u00e3o pouco tempo depois.<\/p>\n<p>Este movimento trouxe uma s\u00e9rie de interpreta\u00e7\u00f5es e discuss\u00f5es, especialmente porque ocorreu pouco antes das iminentes elei\u00e7\u00f5es municipais, impactando diretamente a campanha de Ramagem para a Prefeitura do Rio de Janeiro. A a\u00e7\u00e3o de Moraes foi inicialmente vista como uma poss\u00edvel senten\u00e7a para as aspira\u00e7\u00f5es pol\u00edticas de Ramagem, por\u00e9m, a abrupta retrata\u00e7\u00e3o levantou v\u00e1rias especula\u00e7\u00f5es.<\/p>\n<h2 class=\"wp-block-heading\">Qual foi o impacto da decis\u00e3o e revoga\u00e7\u00e3o de Alexandre de Moraes?<\/h2>\n<p>A decis\u00e3o inicial, seguida da r\u00e1pida revoga\u00e7\u00e3o pelo Ministro Alexandre de Moraes, gerou um turbilh\u00e3o de especula\u00e7\u00f5es e teorias. De acordo com analistas pol\u00edticos, essa a\u00e7\u00e3o n\u00e3o s\u00f3 chamou aten\u00e7\u00e3o pelo seu conte\u00fado, mas tamb\u00e9m pela sua s\u00fabita revers\u00e3o. As motiva\u00e7\u00f5es por tr\u00e1s dessa mudan\u00e7a s\u00e3o objeto de amplo debate, variando desde a press\u00e3o pol\u00edtica at\u00e9 a introdu\u00e7\u00e3o de novas evid\u00eancias que poderiam influenciar a interpreta\u00e7\u00e3o legal do caso.<\/p>\n<h2 class=\"wp-block-heading\">Como a Justi\u00e7a influencia o cen\u00e1rio pol\u00edtico nacional?<\/h2>\n<p>O Supremo Tribunal Federal frequentemente se encontra no epicentro de decis\u00f5es que moldam o panorama pol\u00edtico e social do Brasil. A influ\u00eancia dessas decis\u00f5es estende-se por toda a esfera p\u00fablica, tocando desde direitos individuais at\u00e9 grandes quest\u00f5es de pol\u00edtica nacional. Neste caso espec\u00edfico, a a\u00e7\u00e3o de Moraes evidencia o papel da justi\u00e7a como um dos pilares de equil\u00edbrio e controle dentro da gest\u00e3o p\u00fablica nacional, proporcionando um exemplo palp\u00e1vel de como decis\u00f5es judiciais podem ter repercuss\u00f5es pol\u00edticas imediatas.<\/p>\n<h2 class=\"wp-block-heading\">O que esperar das pr\u00f3ximas elei\u00e7\u00f5es municipais ap\u00f3s este incidente?<\/h2>\n<p>Com a revoga\u00e7\u00e3o da decis\u00e3o do Ministro Alexandre de Moraes, Alexandre Ramagem e outros pol\u00edticos vistos como afetados inicialmente ganham um novo f\u00f4lego em suas campanhas. Essa altera\u00e7\u00e3o no cen\u00e1rio judicial pode reconfigurar as estrat\u00e9gias eleitorais no Rio de Janeiro, criando um ambiente de intensa competitividade e vigil\u00e2ncia. Analistas sugerem que esse incidente servir\u00e1 como catalisador para debates intensos sobre a influ\u00eancia judicial em processos eleitorais e suas implica\u00e7\u00f5es para a democracia brasileira.<\/p>\n<p>\u00c0 medida que o pa\u00eds se aproxima do pr\u00f3ximo ciclo eleitoral, o papel das decis\u00f5es judiciais e sua aceita\u00e7\u00e3o pela opini\u00e3o p\u00fablica e m\u00eddia assumem um papel central na defini\u00e7\u00e3o de um jogo pol\u00edtico equilibrado e justo. Com o aumento da fiscaliza\u00e7\u00e3o p\u00fablica e a crescente demanda por transpar\u00eancia, as institui\u00e7\u00f5es democr\u00e1ticas enfrentam o desafio de se manterem s\u00f3lidas e coerentes, garantindo que todos os atores pol\u00edticos operem dentro dos limites constitucionais e legais estabelecidos.<\/p>\n<p>Cr\u00e9ditos: A Trombeta News.<\/p>\n<\/p><\/div>\n<p><br \/>\n<br \/><a href=\"https:\/\/terrabrasilnoticias.com\/2024\/07\/moraes-muda-de-ideia-de-decisao-que-quase-devastou-as-eleicoes\/\">Source link <\/a><\/p>","protected":false},"excerpt":{"rendered":"<p>Foto: Reprodu\u00e7\u00e3o\/Jorge William \/ Ag\u00eancia O Globo. Na \u00faltima semana, o cen\u00e1rio pol\u00edtico do Brasil foi sacudido por uma surpreendente decis\u00e3o judicial. O Ministro Alexandre de Moraes, do Supremo Tribunal&hellip;<\/p>","protected":false},"author":1,"featured_media":4737,"comment_status":"closed","ping_status":"open","sticky":false,"template":"","format":"standard","meta":{"content-type":"","footnotes":""},"categories":[16],"tags":[],"class_list":["post-4736","post","type-post","status-publish","format-standard","has-post-thumbnail","hentry","category-noticias"],"_links":{"self":[{"href":"https:\/\/tvbrazilusa.com\/pt\/wp-json\/wp\/v2\/posts\/4736","targetHints":{"allow":["GET"]}}],"collection":[{"href":"https:\/\/tvbrazilusa.com\/pt\/wp-json\/wp\/v2\/posts"}],"about":[{"href":"https:\/\/tvbrazilusa.com\/pt\/wp-json\/wp\/v2\/types\/post"}],"author":[{"embeddable":true,"href":"https:\/\/tvbrazilusa.com\/pt\/wp-json\/wp\/v2\/users\/1"}],"replies":[{"embeddable":true,"href":"https:\/\/tvbrazilusa.com\/pt\/wp-json\/wp\/v2\/comments?post=4736"}],"version-history":[{"count":1,"href":"https:\/\/tvbrazilusa.com\/pt\/wp-json\/wp\/v2\/posts\/4736\/revisions"}],"predecessor-version":[{"id":4738,"href":"https:\/\/tvbrazilusa.com\/pt\/wp-json\/wp\/v2\/posts\/4736\/revisions\/4738"}],"wp:featuredmedia":[{"embeddable":true,"href":"https:\/\/tvbrazilusa.com\/pt\/wp-json\/wp\/v2\/media\/4737"}],"wp:attachment":[{"href":"https:\/\/tvbrazilusa.com\/pt\/wp-json\/wp\/v2\/media?parent=4736"}],"wp:term":[{"taxonomy":"category","embeddable":true,"href":"https:\/\/tvbrazilusa.com\/pt\/wp-json\/wp\/v2\/categories?post=4736"},{"taxonomy":"post_tag","embeddable":true,"href":"https:\/\/tvbrazilusa.com\/pt\/wp-json\/wp\/v2\/tags?post=4736"}],"curies":[{"name":"wp","href":"https:\/\/api.w.org\/{rel}","templated":true}]}}