{"id":47378,"date":"2024-10-12T01:23:21","date_gmt":"2024-10-12T01:23:21","guid":{"rendered":"https:\/\/tvbrazilusa.com\/2024\/10\/12\/a-area-queimada-no-brasil-aumentou-150-em-2024-segundo-o-mapbiomas\/"},"modified":"2024-10-12T01:23:22","modified_gmt":"2024-10-12T01:23:22","slug":"a-area-queimada-no-brasil-aumentou-150-em-2024-segundo-o-mapbiomas","status":"publish","type":"post","link":"https:\/\/tvbrazilusa.com\/pt\/2024\/10\/12\/a-area-queimada-no-brasil-aumentou-150-em-2024-segundo-o-mapbiomas\/","title":{"rendered":"A \u00e1rea queimada no Brasil aumentou 150% em 2024, segundo o MapBiomas"},"content":{"rendered":"<p> <script async src=\"https:\/\/pagead2.googlesyndication.com\/pagead\/js\/adsbygoogle.js?client=ca-pub-8864793242727901\"\r\n     crossorigin=\"anonymous\"><\/script><br \/>\n<\/p>\n<div id=\"taboola-read-more\" style=\"display:block; width:100%\">\n<p>Setembro terminou com mais um recorde de \u00e1rea queimada no Brasil. Dados do Monitor de Fogo do MapBiomas mostram que a \u00e1rea queimada de janeiro a setembro foi 150% maior, em compara\u00e7\u00e3o ao mesmo per\u00edodo do ano anterior. O site Meteored divulgou a informa\u00e7\u00e3o nesta sexta-feira, 11.\n<\/p>\n<p>No per\u00edodo, uma \u00e1rea equivalente ao Estado de Roraima foi queimada no Brasil. S\u00e3o 22,38 milh\u00f5es de hectares, 13,4 milh\u00f5es de hectares a mais do que em 2023.<\/p>\n<p>Cerca de 73% dos hectares queimados eram de vegeta\u00e7\u00e3o nativa, com destaque para forma\u00e7\u00f5es florestais, que representam 21% da \u00e1rea atingida. Entre as \u00e1reas agr\u00edcolas, as pastagens plantadas chamaram a aten\u00e7\u00e3o, com 4,6 milh\u00f5es de hectares queimados de janeiro a setembro deste ano.\n<\/p>\n<p>Segundo o Meteored, mais da metade das \u00e1reas queimadas no Brasil, cerca de 56%, concentra-se em apenas tr\u00eas Estados: Mato Grosso, Par\u00e1 e Tocantins. Mato Grosso, sozinho, representa 25% do total, com 5,5 milh\u00f5es de hectares queimados no per\u00edodo.\n<\/p>\n<p><strong>Munic\u00edpio com maior \u00e1rea queimada<\/strong>\n<\/p>\n<p>Par\u00e1 e Tocantins ocupam o segundo e terceiro lugares, com 4,6 milh\u00f5es e 2,6 milh\u00f5es de hectares, respectivamente. Os munic\u00edpios com as maiores \u00e1reas queimadas foram:\u00a0S\u00e3o F\u00e9lix do Xingu (PA), com 1 milh\u00e3o de hectares, e\u00a0Corumb\u00e1 (MS),\u00a0com 741 mil hectares.\n<\/p>\n<p>O m\u00eas de setembro registrou 83,1 mil focos de inc\u00eandio, tornando-se o pior m\u00eas do ano em n\u00famero de queimadas at\u00e9 agora.\u00a0Foi o setembro com mais queimadas desde 2010, quando foram contabilizados 109 mil focos.\n<\/p>\n<p>Comparado ao ano passado, que teve 46,5 mil focos em setembro, houve um aumento de 78,74%.\u00a0Historicamente, esse \u00e9 o m\u00eas em que ocorre o pico de queimadas no Brasil.\n<\/p>\n<p>De janeiro at\u00e9 10 de outubro, o Brasil registrou 223,2 mil focos de inc\u00eandio, um aumento de 78%, em rela\u00e7\u00e3o ao ano anterior.<strong>\u00a0<\/strong>O bioma com a maior porcentagem das queimadas \u00e9 a Amaz\u00f4nia, com 49,2%, seguido pelo Cerrado, com 32,3%. Confira os Estados com o maior n\u00famero de focos de inc\u00eandio:\n<\/p>\n<ol>\n<li>Mato Grosso:\u00a048,4 mil;<\/li>\n<li>Par\u00e1:\u00a038,2 mil;<\/li>\n<li>Amazonas:\u00a023 mil;<\/li>\n<li>Tocantins:\u00a015,6 mil; e<\/li>\n<li>Maranh\u00e3o:\u00a012,7 mil.<\/li>\n<\/ol>\n<p><strong>Setembro bateu recorde no ano<\/strong>\n<\/p>\n<p>At\u00e9 agora,\u00a0setembro segue como o m\u00eas com maior n\u00famero de queimadas de 2024. Em agosto, 5,65 milh\u00f5es de hectares foram queimados,\u00a0enquanto em setembro o n\u00famero saltou para 10,65 milh\u00f5es de hectares, um aumento de 90% de um m\u00eas para o outro.\n<\/p>\n<p>Em rela\u00e7\u00e3o a setembro de 2023, o crescimento foi de 181%, ou 6,8 milh\u00f5es de hectares adicionais queimados.\u00a0A \u00e1rea queimada em setembro equivale a 47,6% de toda a \u00e1rea atingida pelo fogo no Brasil at\u00e9 o m\u00eas, em 2024.\n<\/p>\n<p>Por\u00e9m,\u00a0a \u00e1rea atingida pelo fogo no Pampa e na Caatinga diminuiu at\u00e9 setembro. No Sul do Brasil, as chuvas superaram a m\u00e9dia hist\u00f3rica, o que resultou na menor \u00e1rea queimada no Pampa dos \u00faltimos tr\u00eas anos.\u00a0J\u00e1 na Caatinga, houve uma redu\u00e7\u00e3o de 18%, em compara\u00e7\u00e3o ao mesmo per\u00edodo do ano anterior.\n<\/p>\n<p>Fonte: Revista oeste\n<\/p>\n<\/div>\n<p><br \/>\n<br \/><a href=\"https:\/\/diariodobrasilnoticias.com.br\/noticia\/a-area-queimada-no-brasil-aumentou-150-em-2024-segundo-o-mapbiomas-67099a26938f5\">Source link <\/a><\/p>","protected":false},"excerpt":{"rendered":"<p>Setembro terminou com mais um recorde de \u00e1rea queimada no Brasil. Dados do Monitor de Fogo do MapBiomas mostram que a \u00e1rea queimada de janeiro a setembro foi 150% maior,&hellip;<\/p>","protected":false},"author":1,"featured_media":47379,"comment_status":"closed","ping_status":"open","sticky":false,"template":"","format":"standard","meta":{"content-type":"","footnotes":""},"categories":[16],"tags":[123,2448,5313,1267],"class_list":["post-47378","post","type-post","status-publish","format-standard","has-post-thumbnail","hentry","category-noticias","tag-brasil","tag-diario","tag-noticia","tag-noticias"],"_links":{"self":[{"href":"https:\/\/tvbrazilusa.com\/pt\/wp-json\/wp\/v2\/posts\/47378","targetHints":{"allow":["GET"]}}],"collection":[{"href":"https:\/\/tvbrazilusa.com\/pt\/wp-json\/wp\/v2\/posts"}],"about":[{"href":"https:\/\/tvbrazilusa.com\/pt\/wp-json\/wp\/v2\/types\/post"}],"author":[{"embeddable":true,"href":"https:\/\/tvbrazilusa.com\/pt\/wp-json\/wp\/v2\/users\/1"}],"replies":[{"embeddable":true,"href":"https:\/\/tvbrazilusa.com\/pt\/wp-json\/wp\/v2\/comments?post=47378"}],"version-history":[{"count":1,"href":"https:\/\/tvbrazilusa.com\/pt\/wp-json\/wp\/v2\/posts\/47378\/revisions"}],"predecessor-version":[{"id":47380,"href":"https:\/\/tvbrazilusa.com\/pt\/wp-json\/wp\/v2\/posts\/47378\/revisions\/47380"}],"wp:featuredmedia":[{"embeddable":true,"href":"https:\/\/tvbrazilusa.com\/pt\/wp-json\/wp\/v2\/media\/47379"}],"wp:attachment":[{"href":"https:\/\/tvbrazilusa.com\/pt\/wp-json\/wp\/v2\/media?parent=47378"}],"wp:term":[{"taxonomy":"category","embeddable":true,"href":"https:\/\/tvbrazilusa.com\/pt\/wp-json\/wp\/v2\/categories?post=47378"},{"taxonomy":"post_tag","embeddable":true,"href":"https:\/\/tvbrazilusa.com\/pt\/wp-json\/wp\/v2\/tags?post=47378"}],"curies":[{"name":"wp","href":"https:\/\/api.w.org\/{rel}","templated":true}]}}