{"id":47385,"date":"2024-10-12T01:36:36","date_gmt":"2024-10-12T01:36:36","guid":{"rendered":"https:\/\/tvbrazilusa.com\/2024\/10\/12\/obama-admite-falta-de-empolgacao-por-harris-e-busca-mobilizar-eleitores-negros-paulo-figueiredo\/"},"modified":"2024-10-12T01:38:53","modified_gmt":"2024-10-12T01:38:53","slug":"obama-admite-falta-de-empolgacao-por-harris-e-busca-mobilizar-eleitores-negros-paulo-figueiredo","status":"publish","type":"post","link":"https:\/\/tvbrazilusa.com\/pt\/2024\/10\/12\/obama-admite-falta-de-empolgacao-por-harris-e-busca-mobilizar-eleitores-negros-paulo-figueiredo\/","title":{"rendered":"Obama admite falta de empolga\u00e7\u00e3o por Harris e busca mobilizar eleitores negros &#8211; Paulo Figueiredo"},"content":{"rendered":"<p> <script async src=\"https:\/\/pagead2.googlesyndication.com\/pagead\/js\/adsbygoogle.js?client=ca-pub-8864793242727901\"\r\n     crossorigin=\"anonymous\"><\/script><br \/>\n<\/p>\n<div id=\"wtr-content\" data-bg=\"#FFFFFF\" data-fg=\"#006d91\" data-width=\"25\" data-mute=\"1\" data-fgopacity=\"1.00\" data-mutedopacity=\"0.5\" data-placement=\"bottom\" data-placement-offset=\"0\" data-content-offset=\"262\" data-placement-touch=\"bottom\" data-placement-offset-touch=\"0\" data-transparent=\"\" data-shadow=\"0\" data-touch=\"1\" data-non-touch=\"1\" data-comments=\"0\" data-commentsbg=\"transparent\" data-location=\"page\" data-mutedfg=\"#006d91\" data-endfg=\"#006d91\" data-rtl=\"\">\n<p>Barack Obama entrou com for\u00e7a na campanha presidencial dos Estados Unidos e o fez para ficar. Em seu primeiro evento em Pittsburgh, Pensilv\u00e2nia \u2014 que promete ser o estado chave \u2014, o ex-presidente reconheceu que, em apoio a Kamala Harris, \u201cainda n\u00e3o vimos o mesmo tipo de energia e participa\u00e7\u00e3o em todos os cantos de nossos bairros e comunidades que vimos quando eu me candidatava\u201d.<\/p>\n<p>Durante o encontro com o grupo <em>Black Voters for Harris<\/em> (Eleitores negros por Harris), Obama sugeriu que os homens negros n\u00e3o est\u00e3o apoiando Kamala Harris tanto quanto ele acredita que deveriam, por ela ser mulher: \u201cIsso parece ser mais pronunciado entre os irm\u00e3os. Voc\u00eas est\u00e3o inventando todo tipo de desculpas\u201d. O ex-presidente, no entanto, n\u00e3o comentou se acredita que eles deveriam votar nela por ela ser negra ou simplesmente porque seu oponente \u00e9 branco.<\/p>\n<\/div>\n<p><br \/>\n<br \/><a href=\"https:\/\/paulofigueiredoshow.com\/obama-admite-falta-de-empolgacao-por-harris-e-busca-mobilizar-eleitores-negros\/\">Source link <\/a><\/p>","protected":false},"excerpt":{"rendered":"<p>Barack Obama entrou com for\u00e7a na campanha presidencial dos Estados Unidos e o fez para ficar. Em seu primeiro evento em Pittsburgh, Pensilv\u00e2nia \u2014 que promete ser o estado chave&hellip;<\/p>","protected":false},"author":1,"featured_media":47386,"comment_status":"closed","ping_status":"open","sticky":false,"template":"","format":"standard","meta":{"content-type":"","footnotes":""},"categories":[16],"tags":[4140,746,1992,592,16275,1376,26893,2220],"class_list":["post-47385","post","type-post","status-publish","format-standard","has-post-thumbnail","hentry","category-noticias","tag-cabeca","tag-campanha","tag-de","tag-eua","tag-homens","tag-na","tag-negros","tag-obama"],"_links":{"self":[{"href":"https:\/\/tvbrazilusa.com\/pt\/wp-json\/wp\/v2\/posts\/47385","targetHints":{"allow":["GET"]}}],"collection":[{"href":"https:\/\/tvbrazilusa.com\/pt\/wp-json\/wp\/v2\/posts"}],"about":[{"href":"https:\/\/tvbrazilusa.com\/pt\/wp-json\/wp\/v2\/types\/post"}],"author":[{"embeddable":true,"href":"https:\/\/tvbrazilusa.com\/pt\/wp-json\/wp\/v2\/users\/1"}],"replies":[{"embeddable":true,"href":"https:\/\/tvbrazilusa.com\/pt\/wp-json\/wp\/v2\/comments?post=47385"}],"version-history":[{"count":1,"href":"https:\/\/tvbrazilusa.com\/pt\/wp-json\/wp\/v2\/posts\/47385\/revisions"}],"predecessor-version":[{"id":47387,"href":"https:\/\/tvbrazilusa.com\/pt\/wp-json\/wp\/v2\/posts\/47385\/revisions\/47387"}],"wp:featuredmedia":[{"embeddable":true,"href":"https:\/\/tvbrazilusa.com\/pt\/wp-json\/wp\/v2\/media\/47386"}],"wp:attachment":[{"href":"https:\/\/tvbrazilusa.com\/pt\/wp-json\/wp\/v2\/media?parent=47385"}],"wp:term":[{"taxonomy":"category","embeddable":true,"href":"https:\/\/tvbrazilusa.com\/pt\/wp-json\/wp\/v2\/categories?post=47385"},{"taxonomy":"post_tag","embeddable":true,"href":"https:\/\/tvbrazilusa.com\/pt\/wp-json\/wp\/v2\/tags?post=47385"}],"curies":[{"name":"wp","href":"https:\/\/api.w.org\/{rel}","templated":true}]}}