{"id":4739,"date":"2023-06-29T18:15:15","date_gmt":"2023-06-29T18:15:15","guid":{"rendered":"https:\/\/tvbrazilusa.com\/2023\/06\/29\/foro-de-sao-paulo-e-inofensivo\/"},"modified":"2023-06-29T18:15:15","modified_gmt":"2023-06-29T18:15:15","slug":"foro-de-sao-paulo-e-inofensivo","status":"publish","type":"post","link":"https:\/\/tvbrazilusa.com\/pt\/2023\/06\/29\/foro-de-sao-paulo-e-inofensivo\/","title":{"rendered":"Foro de S\u00e3o Paulo \u00e9 &#8220;inofensivo&#8221;?"},"content":{"rendered":"<p><iframe  width=\"580\" height=\"385\" src=\"https:\/\/www.youtube.com\/embed\/ryGi6C5wMr0?modestbranding=1\" frameborder=\"0\" allowfullscreen><\/iframe><br \/>\n<br \/>H\u00e1 um esfor\u00e7o claro da milit\u00e2ncia de reda\u00e7\u00e3o para afirmar que o Foro de S\u00e3o Paulo &#8220;n\u00e3o promove o comunismo&#8221;.<\/p>\n<p>Essa \u00e9 a mesma milit\u00e2ncia que afirmava, at\u00e9 pouco tempo atr\u00e1s, que o Foro nem existia.<\/p>\n<p>A cada dia que passa, a &#8220;imprensa&#8221; fica mais desmoralizada.<br \/>\n<br \/><a href=\"https:\/\/www.youtube.com\/watch?v=ryGi6C5wMr0\">source<\/a><\/p>","protected":false},"excerpt":{"rendered":"<p>H\u00e1 um esfor\u00e7o claro da milit\u00e2ncia de reda\u00e7\u00e3o para afirmar que o Foro de S\u00e3o Paulo &#8220;n\u00e3o promove o comunismo&#8221;. Essa \u00e9 a mesma milit\u00e2ncia que afirmava, at\u00e9 pouco tempo&hellip;<\/p>","protected":false},"author":1,"featured_media":4740,"comment_status":"","ping_status":"open","sticky":false,"template":"","format":"standard","meta":{"content-type":"","footnotes":""},"categories":[1],"tags":[],"class_list":["post-4739","post","type-post","status-publish","format-standard","has-post-thumbnail","hentry","category-uncategorized"],"_links":{"self":[{"href":"https:\/\/tvbrazilusa.com\/pt\/wp-json\/wp\/v2\/posts\/4739","targetHints":{"allow":["GET"]}}],"collection":[{"href":"https:\/\/tvbrazilusa.com\/pt\/wp-json\/wp\/v2\/posts"}],"about":[{"href":"https:\/\/tvbrazilusa.com\/pt\/wp-json\/wp\/v2\/types\/post"}],"author":[{"embeddable":true,"href":"https:\/\/tvbrazilusa.com\/pt\/wp-json\/wp\/v2\/users\/1"}],"replies":[{"embeddable":true,"href":"https:\/\/tvbrazilusa.com\/pt\/wp-json\/wp\/v2\/comments?post=4739"}],"version-history":[{"count":0,"href":"https:\/\/tvbrazilusa.com\/pt\/wp-json\/wp\/v2\/posts\/4739\/revisions"}],"wp:featuredmedia":[{"embeddable":true,"href":"https:\/\/tvbrazilusa.com\/pt\/wp-json\/wp\/v2\/media\/4740"}],"wp:attachment":[{"href":"https:\/\/tvbrazilusa.com\/pt\/wp-json\/wp\/v2\/media?parent=4739"}],"wp:term":[{"taxonomy":"category","embeddable":true,"href":"https:\/\/tvbrazilusa.com\/pt\/wp-json\/wp\/v2\/categories?post=4739"},{"taxonomy":"post_tag","embeddable":true,"href":"https:\/\/tvbrazilusa.com\/pt\/wp-json\/wp\/v2\/tags?post=4739"}],"curies":[{"name":"wp","href":"https:\/\/api.w.org\/{rel}","templated":true}]}}