{"id":47395,"date":"2024-10-12T01:51:05","date_gmt":"2024-10-12T01:51:05","guid":{"rendered":"https:\/\/tvbrazilusa.com\/2024\/10\/12\/moraes-vota-para-condenar-ambulante-que-foi-vender-mercadorias-no-qg-de-brasilia-paulo-figueiredo\/"},"modified":"2024-10-12T02:04:07","modified_gmt":"2024-10-12T02:04:07","slug":"moraes-vota-para-condenar-ambulante-que-foi-vender-mercadorias-no-qg-de-brasilia-paulo-figueiredo","status":"publish","type":"post","link":"https:\/\/tvbrazilusa.com\/pt\/2024\/10\/12\/moraes-vota-para-condenar-ambulante-que-foi-vender-mercadorias-no-qg-de-brasilia-paulo-figueiredo\/","title":{"rendered":"Moraes vota para condenar ambulante que foi vender mercadorias no QG de Bras\u00edlia &#8211; Paulo Figueiredo"},"content":{"rendered":"<p> <script async src=\"https:\/\/pagead2.googlesyndication.com\/pagead\/js\/adsbygoogle.js?client=ca-pub-8864793242727901\"\r\n     crossorigin=\"anonymous\"><\/script><br \/>\n<\/p>\n<div id=\"wtr-content\" data-bg=\"#FFFFFF\" data-fg=\"#006d91\" data-width=\"25\" data-mute=\"1\" data-fgopacity=\"1.00\" data-mutedopacity=\"0.5\" data-placement=\"bottom\" data-placement-offset=\"0\" data-content-offset=\"262\" data-placement-touch=\"bottom\" data-placement-offset-touch=\"0\" data-transparent=\"\" data-shadow=\"0\" data-touch=\"1\" data-non-touch=\"1\" data-comments=\"0\" data-commentsbg=\"transparent\" data-location=\"page\" data-mutedfg=\"#006d91\" data-endfg=\"#006d91\" data-rtl=\"\">\n<h3 class=\"wp-block-heading\">Advogada de Ademir Silva afirma que o homem sequer \u00e9 bolsonarista<\/h3>\n<p>O ministro Alexandre de Moraes, do\u00a0<strong>Supremo Tribunal Federal (STF)<\/strong>, votou para condenar o ambulante Ademir da Silva, de 54 anos, pelo 8 de janeiro.<\/p>\n<p>Conforme a defesa, o sacoleiro foi ao Quartel-General (QG) do Ex\u00e9rcito apenas para vender mercadorias. \u201cSequer \u00e9 bolsonarista\u201d, afirmou a advogada de Silva.<\/p>\n<p>De acordo com Moraes, Silva ter\u00e1 de cumprir um ano de reclus\u00e3o, al\u00e9m de outras obriga\u00e7\u00f5es, como pagar muta e prestar servi\u00e7os comunit\u00e1rios, pelo total de 225 horas.<\/p>\n<h3 class=\"wp-block-heading\">Obriga\u00e7\u00f5es estabelecidas por Alexandre de Moraes<\/h3>\n<p>Silva e outros manifestantes, se confirmadas as condena\u00e7\u00f5es pelos demais ministros, ter\u00e3o ainda de cumprir as seguintes medidas:<\/p>\n<ol class=\"wp-block-list\">\n<li>Presta\u00e7\u00e3o de servi\u00e7os \u00e0 comunidade ou a entidades p\u00fablicas, pelo total de 225 horas (h), observados os limites mensais de cumprimento no m\u00ednimo de 30 h (trinta horas), em local a ser indicado pelo ju\u00edzo de execu\u00e7\u00e3o;<\/li>\n<li>Participa\u00e7\u00e3o presencial em curso elaborado pelo Minist\u00e9rio P\u00fablico Federal, com tem\u00e1tica sobre \u201cDemocracia, Estado de Direito e Golpe de Estado\u201d, com carga hor\u00e1ria de 12 h, distribu\u00edda em quatro m\u00f3dulos de 3 h a ser ministrado pelo ju\u00edzo da execu\u00e7\u00e3o;<\/li>\n<li>Proibi\u00e7\u00e3o de ausentar-se da comarca em que reside at\u00e9 a extin\u00e7\u00e3o da pena;<\/li>\n<li>Proibi\u00e7\u00e3o de utiliza\u00e7\u00e3o de redes sociais, at\u00e9 a extin\u00e7\u00e3o da pena;<\/li>\n<li>Manuten\u00e7\u00e3o da suspens\u00e3o dos passaportes emitidos pela Rep\u00fablica Federativa do Brasil, em nome do condenado;<\/li>\n<li>Revoga\u00e7\u00e3o de registro ou porte de arma de fogo, se existente;<\/li>\n<li>Vinte dias-multa, cada um no valor de meio sal\u00e1rio m\u00ednimo \u00e0 \u00e9poca dos fatos, pela pr\u00e1tica do crime previsto no artigo 286, par\u00e1grafo \u00fanico, do C\u00f3digo Penal (incita\u00e7\u00e3o ao crime equiparada pela animosidade das For\u00e7as Armadas contra os Poderes Constitucionais);<\/li>\n<li>R$ 5.000.000,00, como pagamento do valor m\u00ednimo indenizat\u00f3rio a t\u00edtulo de danos morais coletivos, a ser adimplido de forma solid\u00e1ria pelos demais condenados, em favor do fundo a que alude o art.13 da Lei 7.347\/1985.<\/li>\n<\/ol>\n<h3 class=\"wp-block-heading\">Quem \u00e9 o sacoleiro<\/h3>\n<p>Silva, de 54 anos, chegou a Bras\u00edlia por volta de 18 horas do dia 8 de janeiro de 2023, vindo de Gravata\u00ed (RS), a fim de vender suas mercadorias na capital federal. Ambulante, ele comercializa camisas, bon\u00e9s, bandeiras e diversos objetos.<\/p>\n<p>Ao passar pelo QG, uma hora depois de desembarcar, acabou impedido pela pol\u00edcia de deixar o local. Dessa forma, teve de dormir entre os manifestantes. Na manh\u00e3 do dia seguinte, foi preso com os demais e levado \u00e0 Papuda.<\/p>\n<p>\u201cAdemir \u00e9 itinerante\u201d, contou Tani\u00e9li Telles, \u00e0 \u00e9poca, que atua na defesa do homem. \u201cEle viaja o Brasil para revender o que adquire no Paraguai.\u201d<\/p>\n<p>Ainda segundo Tani\u00e9li, o hor\u00e1rio em que o homem desceu na rodovi\u00e1ria mostra que ele tamb\u00e9m n\u00e3o participou da quebradeira na Pra\u00e7a dos Tr\u00eas Poderes.<\/p>\n<p><strong><a href=\"https:\/\/revistaoeste.com\/no-ponto\/alexandre-de-moraes-vota-para-condenar-ambulante-que-foi-ao-qg-no-8-1-para-vender-mercadorias\/\">Source link<\/a><\/strong><\/p>\n<\/div>\n<p><br \/>\n<br \/><a href=\"https:\/\/paulofigueiredoshow.com\/moraes-vota-para-condenar-ambulante-que-foi-vender-mercadorias-no-qg-de-brasilia\/\">Source link <\/a><\/p>","protected":false},"excerpt":{"rendered":"<p>Advogada de Ademir Silva afirma que o homem sequer \u00e9 bolsonarista O ministro Alexandre de Moraes, do\u00a0Supremo Tribunal Federal (STF), votou para condenar o ambulante Ademir da Silva, de 54&hellip;<\/p>","protected":false},"author":1,"featured_media":47396,"comment_status":"closed","ping_status":"open","sticky":false,"template":"","format":"standard","meta":{"content-type":"","footnotes":""},"categories":[16],"tags":[1469,26895,26896,5281,6621,93,9972],"class_list":["post-47395","post","type-post","status-publish","format-standard","has-post-thumbnail","hentry","category-noticias","tag-8-1","tag-ademir-silva","tag-ambulante","tag-condenacao","tag-perseguicao","tag-politica","tag-reclusao"],"_links":{"self":[{"href":"https:\/\/tvbrazilusa.com\/pt\/wp-json\/wp\/v2\/posts\/47395","targetHints":{"allow":["GET"]}}],"collection":[{"href":"https:\/\/tvbrazilusa.com\/pt\/wp-json\/wp\/v2\/posts"}],"about":[{"href":"https:\/\/tvbrazilusa.com\/pt\/wp-json\/wp\/v2\/types\/post"}],"author":[{"embeddable":true,"href":"https:\/\/tvbrazilusa.com\/pt\/wp-json\/wp\/v2\/users\/1"}],"replies":[{"embeddable":true,"href":"https:\/\/tvbrazilusa.com\/pt\/wp-json\/wp\/v2\/comments?post=47395"}],"version-history":[{"count":1,"href":"https:\/\/tvbrazilusa.com\/pt\/wp-json\/wp\/v2\/posts\/47395\/revisions"}],"predecessor-version":[{"id":47397,"href":"https:\/\/tvbrazilusa.com\/pt\/wp-json\/wp\/v2\/posts\/47395\/revisions\/47397"}],"wp:featuredmedia":[{"embeddable":true,"href":"https:\/\/tvbrazilusa.com\/pt\/wp-json\/wp\/v2\/media\/47396"}],"wp:attachment":[{"href":"https:\/\/tvbrazilusa.com\/pt\/wp-json\/wp\/v2\/media?parent=47395"}],"wp:term":[{"taxonomy":"category","embeddable":true,"href":"https:\/\/tvbrazilusa.com\/pt\/wp-json\/wp\/v2\/categories?post=47395"},{"taxonomy":"post_tag","embeddable":true,"href":"https:\/\/tvbrazilusa.com\/pt\/wp-json\/wp\/v2\/tags?post=47395"}],"curies":[{"name":"wp","href":"https:\/\/api.w.org\/{rel}","templated":true}]}}