{"id":47400,"date":"2024-10-12T02:18:59","date_gmt":"2024-10-12T02:18:59","guid":{"rendered":"https:\/\/tvbrazilusa.com\/2024\/10\/12\/inmet-emite-alerta-sobre-baixa-umidade-e-ventos-costeiros-no-rn-confira-as-cidades-afetadas\/"},"modified":"2024-10-12T02:19:00","modified_gmt":"2024-10-12T02:19:00","slug":"inmet-emite-alerta-sobre-baixa-umidade-e-ventos-costeiros-no-rn-confira-as-cidades-afetadas","status":"publish","type":"post","link":"https:\/\/tvbrazilusa.com\/pt\/2024\/10\/12\/inmet-emite-alerta-sobre-baixa-umidade-e-ventos-costeiros-no-rn-confira-as-cidades-afetadas\/","title":{"rendered":"Inmet emite alerta sobre baixa umidade e ventos costeiros no RN; confira as cidades afetadas"},"content":{"rendered":"<p> <script async src=\"https:\/\/pagead2.googlesyndication.com\/pagead\/js\/adsbygoogle.js?client=ca-pub-8864793242727901\"\r\n     crossorigin=\"anonymous\"><\/script><br \/>\n<\/p>\n<div id=\"taboola-read-more\" style=\"display:block; width:100%\">\n<p>O Instituto Nacional de Meteorologia (Inmet) emitiu alertas de baixa umidade e ventos costeiros para cidades principalmente do Alto Oeste e de parte do litoral do Rio Grande do Norte. Os alertas s\u00e3o v\u00e1lidos at\u00e9 s\u00e1bado e domingo, respectivamente.\n<\/p>\n<p><strong>Ventos Costeiros<\/strong><\/p>\n<p>Validade: at\u00e9 18h do domingo (13)\n<\/p>\n<p>Riscos: O aviso \u00e9 da cor amarela, de perigo potencial, o n\u00edvel mais baixo na escala de gravidade do \u00f3rg\u00e3o. Segundo o Inmet, nesse tipo de aviso h\u00e1 \u201cintensifica\u00e7\u00e3o dos ventos nas regi\u00f5es litor\u00e2neas, movimentando dunas de areia sobre constru\u00e7\u00f5es na orla\u201d.<br \/>Instru\u00e7\u00f5es: Contatar a Defesa Civil (telefone: 199), em caso de necessidade.<br \/>\u00a0\n<\/p>\n<p><strong>Veja cidades atingidas:<\/strong>\n<\/p>\n<p>Areia Branca<br \/>Bara\u00fana<br \/>Cai\u00e7ara do Norte<br \/>Carnaubais<br \/>Cear\u00e1-Mirim<br \/>Extremoz<br \/>Galinhos<br \/>Grossos<br \/>Guamar\u00e9<br \/>Maca\u00edba<br \/>Macau<br \/>Maxaranguape<br \/>Mossor\u00f3<br \/>Natal<br \/>N\u00edsia Floresta<br \/>Parazinho<br \/>Parnamirim<br \/>Pedra Grande<br \/>Porto do Mangue<br \/>Pureza<br \/>Rio do Fogo<br \/>S\u00e3o Bento do Norte<br \/>S\u00e3o Gon\u00e7alo do Amarante<br \/>S\u00e3o Jos\u00e9 de Mipibu<br \/>S\u00e3o Miguel do Gostoso<br \/>Serra do Mel<br \/>Tibau<br \/>Touros\n<\/p>\n<p><strong>Baixa umidade<\/strong>\n<\/p>\n<p>Validade: at\u00e9 23h de s\u00e1bado (12). H\u00e1 um outro alerta, com essas e mais oito cidades \u2013 detalhadas no fim \u2013 que termina \u00e0s 22h da sexta. Nas demais 48 cidades, o alerta vale na sexta e tamb\u00e9m no s\u00e1bado at\u00e9 23h.\n<\/p>\n<p>Riscos: Alerta da cor amarela, de perigo potencial, o mais baixo no grau de severidade do \u00f3rg\u00e3o. Segundo o Inmet, nesse tipo de alerta, a umidade relativa do ar varia entre 30% e 20%. H\u00e1 baixo risco de inc\u00eandios florestais e \u00e0 sa\u00fade.\n<\/p>\n<p>Instru\u00e7\u00f5es: Beber bastante l\u00edquido; evitar desgaste f\u00edsico nas horas mais secas e exposi\u00e7\u00e3o ao sol nas horas mais quentes do dia.\n<\/p>\n<p><strong>Veja cidades atingidas:<\/strong>\n<\/p>\n<p>\u00c1gua Nova<br \/>Alexandria<br \/>Almino Afonso<br \/>Ant\u00f4nio Martins<br \/>Apodi<br \/>Caic\u00f3<br \/>Cara\u00fabas<br \/>Coronel Jo\u00e3o Pessoa<br \/>Doutor Severiano<br \/>Encanto<br \/>Francisco Dantas<br \/>Frutuoso Gomes<br \/>Ipueira<br \/>Ita\u00fa<br \/>Jandu\u00eds<br \/>Jardim de Piranhas<br \/>Jo\u00e3o Dias<br \/>Jos\u00e9 da Penha<br \/>Lucr\u00e9cia<br \/>Lu\u00eds Gomes<br \/>Major Sales<br \/>Marcelino Vieira<br \/>Martins<br \/>Messias Targino<br \/>Olho d\u2019\u00c1gua do Borges<br \/>Paran\u00e1<br \/>Patu<br \/>Pau dos Ferros<br \/>Pil\u00f5es<br \/>Portalegre<br \/>Rafael Fernandes<br \/>Rafael Godeiro<br \/>Riacho da Cruz<br \/>Riacho de Santana<br \/>Rodolfo Fernandes<br \/>S\u00e3o Fernando<br \/>S\u00e3o Francisco do Oeste<br \/>S\u00e3o Jo\u00e3o do Sabugi<br \/>S\u00e3o Miguel<br \/>Serra Negra do Norte<br \/>Serrinha dos Pintos<br \/>Severiano Melo<br \/>Taboleiro Grande<br \/>Tenente Ananias<br \/>Timba\u00faba dos Batistas<br \/>Umarizal<br \/>Venha-Ver<br \/>Vi\u00e7osa\n<\/p>\n<p>*As cidades de Campo Grande, Equador, Felipe Guerra, Jardim do Serid\u00f3, Jucurutu, Ouro Branco, Santana do Serid\u00f3 e S\u00e3o Jos\u00e9 do Serid\u00f3 est\u00e3o em um alerta do mesmo tipo, mas com validade at\u00e9 22h desta sexta-feira (11).\n<\/p>\n<p>Fonte: Portal Grande Ponto <\/p>\n<\/div>\n<p><br \/>\n<br \/><a href=\"https:\/\/diariodobrasilnoticias.com.br\/noticia\/inmet-emite-alerta-sobre-baixa-umidade-e-ventos-costeiros-no-rn-confira-as-cidades-afetadas-67099fb2310f4\">Source link <\/a><\/p>","protected":false},"excerpt":{"rendered":"<p>O Instituto Nacional de Meteorologia (Inmet) emitiu alertas de baixa umidade e ventos costeiros para cidades principalmente do Alto Oeste e de parte do litoral do Rio Grande do Norte.&hellip;<\/p>","protected":false},"author":1,"featured_media":47401,"comment_status":"closed","ping_status":"open","sticky":false,"template":"","format":"standard","meta":{"content-type":"","footnotes":""},"categories":[16],"tags":[123,2448,5313,1267],"class_list":["post-47400","post","type-post","status-publish","format-standard","has-post-thumbnail","hentry","category-noticias","tag-brasil","tag-diario","tag-noticia","tag-noticias"],"_links":{"self":[{"href":"https:\/\/tvbrazilusa.com\/pt\/wp-json\/wp\/v2\/posts\/47400","targetHints":{"allow":["GET"]}}],"collection":[{"href":"https:\/\/tvbrazilusa.com\/pt\/wp-json\/wp\/v2\/posts"}],"about":[{"href":"https:\/\/tvbrazilusa.com\/pt\/wp-json\/wp\/v2\/types\/post"}],"author":[{"embeddable":true,"href":"https:\/\/tvbrazilusa.com\/pt\/wp-json\/wp\/v2\/users\/1"}],"replies":[{"embeddable":true,"href":"https:\/\/tvbrazilusa.com\/pt\/wp-json\/wp\/v2\/comments?post=47400"}],"version-history":[{"count":1,"href":"https:\/\/tvbrazilusa.com\/pt\/wp-json\/wp\/v2\/posts\/47400\/revisions"}],"predecessor-version":[{"id":47402,"href":"https:\/\/tvbrazilusa.com\/pt\/wp-json\/wp\/v2\/posts\/47400\/revisions\/47402"}],"wp:featuredmedia":[{"embeddable":true,"href":"https:\/\/tvbrazilusa.com\/pt\/wp-json\/wp\/v2\/media\/47401"}],"wp:attachment":[{"href":"https:\/\/tvbrazilusa.com\/pt\/wp-json\/wp\/v2\/media?parent=47400"}],"wp:term":[{"taxonomy":"category","embeddable":true,"href":"https:\/\/tvbrazilusa.com\/pt\/wp-json\/wp\/v2\/categories?post=47400"},{"taxonomy":"post_tag","embeddable":true,"href":"https:\/\/tvbrazilusa.com\/pt\/wp-json\/wp\/v2\/tags?post=47400"}],"curies":[{"name":"wp","href":"https:\/\/api.w.org\/{rel}","templated":true}]}}