{"id":47403,"date":"2024-10-12T02:30:40","date_gmt":"2024-10-12T02:30:40","guid":{"rendered":"https:\/\/tvbrazilusa.com\/2024\/10\/12\/stf-registra-dois-votos-contrarios-ao-imposto-de-25-sobre-aposentadorias-de-quem-reside-no-exterior\/"},"modified":"2024-10-12T02:30:41","modified_gmt":"2024-10-12T02:30:41","slug":"stf-registra-dois-votos-contrarios-ao-imposto-de-25-sobre-aposentadorias-de-quem-reside-no-exterior","status":"publish","type":"post","link":"https:\/\/tvbrazilusa.com\/pt\/2024\/10\/12\/stf-registra-dois-votos-contrarios-ao-imposto-de-25-sobre-aposentadorias-de-quem-reside-no-exterior\/","title":{"rendered":"STF registra dois votos contr\u00e1rios ao imposto de 25% sobre aposentadorias de quem reside no exterior"},"content":{"rendered":"<p> <script async src=\"https:\/\/pagead2.googlesyndication.com\/pagead\/js\/adsbygoogle.js?client=ca-pub-8864793242727901\"\r\n     crossorigin=\"anonymous\"><\/script><br \/>\n<\/p>\n<div id=\"taboola-read-more\" style=\"display:block; width:100%\">\n<p>O Supremo Tribunal Federal (STF) come\u00e7ou a avaliar nesta sexta-feira, 11, se as pens\u00f5es e aposentadorias pagas a brasileiros que moram no exterior devem ser tributadas na fonte com uma al\u00edquota de 25%. O relator, ministro Dias Toffoli, votou para considerar essa cobran\u00e7a inconstitucional e foi acompanhado pelo ministro Alexandre de Moraes.\n<\/p>\n<p>O julgamento ocorre no plen\u00e1rio virtual, sistema no qual cada ministro deposita seu voto, e est\u00e1 programado para durar at\u00e9 o dia 18 de outubro. Os demais ministros ainda n\u00e3o votaram.<\/p>\n<p><strong>Argumentos dos ministros<\/strong><br \/>Em seu voto, Toffoli afirmou que essa regra prejudica os brasileiros que moram no exterior, j\u00e1 que os residentes no pa\u00eds est\u00e3o sujeitos \u00e0 tabela progressiva do imposto de renda e tamb\u00e9m podem realizar dedu\u00e7\u00f5es em sua declara\u00e7\u00e3o, o que reduz a al\u00edquota efetivamente paga.\n<\/p>\n<p>\u201cJ\u00e1 aqueles (os residentes no exterior), de outro giro, ficam sujeitos a uma \u00fanica e elevada al\u00edquota de 25% incidente sobre a totalidade dos rendimentos de aposentadoria ou pens\u00e3o, sem poderem, ademais, realizar qualquer dedu\u00e7\u00e3o. Julgo que isso evidencia a viola\u00e7\u00e3o da isonomia, da proporcionalidade e da capacidade contributiva\u201d, afirmou o ministro.\n<\/p>\n<p>Toffoli ressaltou que &#8220;o fato de o contribuinte residir no exterior, por si s\u00f3, n\u00e3o revela ser ele detentor de maior capacidade econ\u00f4mica do que aquele que aqui reside e recebe aposentadoria ou pens\u00e3o&#8221;, e disse que a cobran\u00e7a de 25% &#8220;abocanha recursos que s\u00e3o necess\u00e1rios para uma vida digna&#8221;.\n<\/p>\n<p><strong>Voto de Alexandre de Moraes<\/strong><br \/>O ministro Alexandre de Moraes concordou com o relator e tamb\u00e9m destacou que os brasileiros no exterior pagam um imposto maior. \u201cA norma impugnada impede os brasileiros residentes ou domiciliados no exterior que recebem rendimentos de aposentadoria ou pens\u00e3o de fontes localizadas no territ\u00f3rio nacional de se beneficiar da faixa de isen\u00e7\u00e3o assegurada aos residentes no Pa\u00eds, ou valer-se da tabela progressiva do IR\u201d, afirmou.\n<\/p>\n<p>Moraes ainda avaliou que os aposentados e pensionistas que moram fora do pa\u00eds n\u00e3o s\u00e3o beneficiados pelos servi\u00e7os p\u00fablicos financiados pelos impostos que est\u00e3o pagando.\n<\/p>\n<p>Caso espec\u00edfico que chegou ao STF<br \/>A discuss\u00e3o chegou ao STF a partir do caso de uma brasileira que mora em Portugal e recebe uma aposentadoria no valor de um sal\u00e1rio-m\u00ednimo. Ela ganhou na Justi\u00e7a o direito de isen\u00e7\u00e3o do imposto, mas a Uni\u00e3o recorreu ao STF.\n<\/p>\n<p>Fonte: Exame. <\/p>\n<\/div>\n<p><br \/>\n<br \/><a href=\"https:\/\/diariodobrasilnoticias.com.br\/noticia\/stf-registra-dois-votos-contrarios-ao-imposto-de-25-sobre-aposentadorias-de-quem-reside-no-exterior-67099e395fece\">Source link <\/a><\/p>","protected":false},"excerpt":{"rendered":"<p>O Supremo Tribunal Federal (STF) come\u00e7ou a avaliar nesta sexta-feira, 11, se as pens\u00f5es e aposentadorias pagas a brasileiros que moram no exterior devem ser tributadas na fonte com uma&hellip;<\/p>","protected":false},"author":1,"featured_media":47404,"comment_status":"closed","ping_status":"open","sticky":false,"template":"","format":"standard","meta":{"content-type":"","footnotes":""},"categories":[16],"tags":[123,2448,5313,1267],"class_list":["post-47403","post","type-post","status-publish","format-standard","has-post-thumbnail","hentry","category-noticias","tag-brasil","tag-diario","tag-noticia","tag-noticias"],"_links":{"self":[{"href":"https:\/\/tvbrazilusa.com\/pt\/wp-json\/wp\/v2\/posts\/47403","targetHints":{"allow":["GET"]}}],"collection":[{"href":"https:\/\/tvbrazilusa.com\/pt\/wp-json\/wp\/v2\/posts"}],"about":[{"href":"https:\/\/tvbrazilusa.com\/pt\/wp-json\/wp\/v2\/types\/post"}],"author":[{"embeddable":true,"href":"https:\/\/tvbrazilusa.com\/pt\/wp-json\/wp\/v2\/users\/1"}],"replies":[{"embeddable":true,"href":"https:\/\/tvbrazilusa.com\/pt\/wp-json\/wp\/v2\/comments?post=47403"}],"version-history":[{"count":1,"href":"https:\/\/tvbrazilusa.com\/pt\/wp-json\/wp\/v2\/posts\/47403\/revisions"}],"predecessor-version":[{"id":47405,"href":"https:\/\/tvbrazilusa.com\/pt\/wp-json\/wp\/v2\/posts\/47403\/revisions\/47405"}],"wp:featuredmedia":[{"embeddable":true,"href":"https:\/\/tvbrazilusa.com\/pt\/wp-json\/wp\/v2\/media\/47404"}],"wp:attachment":[{"href":"https:\/\/tvbrazilusa.com\/pt\/wp-json\/wp\/v2\/media?parent=47403"}],"wp:term":[{"taxonomy":"category","embeddable":true,"href":"https:\/\/tvbrazilusa.com\/pt\/wp-json\/wp\/v2\/categories?post=47403"},{"taxonomy":"post_tag","embeddable":true,"href":"https:\/\/tvbrazilusa.com\/pt\/wp-json\/wp\/v2\/tags?post=47403"}],"curies":[{"name":"wp","href":"https:\/\/api.w.org\/{rel}","templated":true}]}}