{"id":4741,"date":"2024-07-20T21:43:36","date_gmt":"2024-07-20T21:43:36","guid":{"rendered":"https:\/\/tvbrazilusa.com\/2024\/07\/20\/o-que-lula-esta-planejando-fazer-com-janja\/"},"modified":"2024-07-20T21:52:55","modified_gmt":"2024-07-20T21:52:55","slug":"o-que-lula-esta-planejando-fazer-com-janja","status":"publish","type":"post","link":"https:\/\/tvbrazilusa.com\/pt\/2024\/07\/20\/o-que-lula-esta-planejando-fazer-com-janja\/","title":{"rendered":"O que Lula est\u00e1 planejando fazer com Janja"},"content":{"rendered":"<p> <script async src=\"https:\/\/pagead2.googlesyndication.com\/pagead\/js\/adsbygoogle.js?client=ca-pub-8864793242727901\"\r\n     crossorigin=\"anonymous\"><\/script><br \/>\n<\/p>\n<div>\n<p>Foto: Reprodu\u00e7\u00e3o\/Fabio Rodrigues-Pozzebom\/Ag\u00eancia Brasil.<\/p>\n<p>Em uma detida observa\u00e7\u00e3o das recentes manobras pol\u00edticas no Brasil, torna-se aparente que o presidente Luiz In\u00e1cio Lula da Silva tem incrementado de forma not\u00e1vel o perfil pol\u00edtico de sua esposa, Ros\u00e2ngela Lula da Silva, tamb\u00e9m conhecida como Janja. Tal situa\u00e7\u00e3o reacende debates sobre o papel das primeiras-damas na pol\u00edtica nacional, especialmente quando habilitadas a atuar em pap\u00e9is proeminentes nas esferas administrativa e partid\u00e1ria.<\/p>\n<p>A aten\u00e7\u00e3o em Janja cresceu exponencialmente ap\u00f3s ser designada pelo pr\u00f3prio Lula como representante do Brasil em importantes eventos internacionais, sendo um dos mais significativos a Olimp\u00edada de Paris. Al\u00e9m da representa\u00e7\u00e3o em eventos globais, observa-se que Janja recebeu prote\u00e7\u00f5es e benef\u00edcios que v\u00e3o al\u00e9m dos convencionais para uma primeira-dama, indicando uma poss\u00edvel prepara\u00e7\u00e3o para futuros pap\u00e9is pol\u00edticos.<\/p>\n<h2 class=\"wp-block-heading\">Qual o impacto do envolvimento de Janja nos altos comandos do governo?<\/h2>\n<p>Janja tem aparecido frequentemente ao lado de Lula em decis\u00f5es cr\u00edticas e estrat\u00e9gias partid\u00e1rias, evidenciando uma clara intens\u00e3o do presidente de fortalecer seu papel dentro do Partido dos Trabalhadores (PT). Este movimento tem gerado diversas interpreta\u00e7\u00f5es, desde a prepara\u00e7\u00e3o de Janja para uma futura candidatura at\u00e9 um simples fortalecimento da imagem do PT atrav\u00e9s de sua presen\u00e7a em eventos e decis\u00f5es importantes.<\/p>\n<figure class=\"wp-block-image size-large\"><picture decoding=\"async\" class=\"wp-image-158531\"><source type=\"image\/webp\" srcset=\"https:\/\/terrabrasilnoticias.com\/wp-content\/uploads\/2024\/07\/image-636-1024x583.png.webp 1024w, https:\/\/terrabrasilnoticias.com\/wp-content\/uploads\/2024\/07\/image-636-300x171.png.webp 300w, https:\/\/terrabrasilnoticias.com\/wp-content\/uploads\/2024\/07\/image-636-768x437.png.webp 768w, https:\/\/terrabrasilnoticias.com\/wp-content\/uploads\/2024\/07\/image-636-750x427.png.webp 750w, https:\/\/terrabrasilnoticias.com\/wp-content\/uploads\/2024\/07\/image-636.png.webp 1034w\" sizes=\"(max-width: 1024px) 100vw, 1024px\"\/><\/picture>\n<\/figure>\n<h2 class=\"wp-block-heading\">As viagens diplom\u00e1ticas e a pol\u00eamica das credenciais<\/h2>\n<p>Recentemente, a nomea\u00e7\u00e3o de Janja como substituta de Lula para a cerim\u00f4nia de abertura dos Jogos Ol\u00edmpicos em Paris gerou n\u00e3o apenas surpresa, mas tamb\u00e9m tens\u00f5es no cen\u00e1rio pol\u00edtico. Sem ter uma credencial apropriada inicialmente, o governo precisou mobilizar rapidamente recursos para resolver tal entrave, destacando as complexidades envolvidas na atribui\u00e7\u00e3o de tais responsabilidades \u00e0 primeira-dama.<\/p>\n<figure class=\"wp-block-image size-full\"><picture decoding=\"async\" class=\"wp-image-158530\"><source type=\"image\/webp\" srcset=\"https:\/\/terrabrasilnoticias.com\/wp-content\/uploads\/2024\/07\/image-635.png.webp 940w, https:\/\/terrabrasilnoticias.com\/wp-content\/uploads\/2024\/07\/image-635-300x188.png.webp 300w, https:\/\/terrabrasilnoticias.com\/wp-content\/uploads\/2024\/07\/image-635-768x482.png.webp 768w, https:\/\/terrabrasilnoticias.com\/wp-content\/uploads\/2024\/07\/image-635-750x471.png.webp 750w\" sizes=\"(max-width: 940px) 100vw, 940px\"\/><img fetchpriority=\"high\" decoding=\"async\" width=\"940\" height=\"590\" src=\"https:\/\/terrabrasilnoticias.com\/wp-content\/uploads\/2024\/07\/image-635.png\" alt=\"\" srcset=\"https:\/\/terrabrasilnoticias.com\/wp-content\/uploads\/2024\/07\/image-635.png 940w, https:\/\/terrabrasilnoticias.com\/wp-content\/uploads\/2024\/07\/image-635-300x188.png 300w, https:\/\/terrabrasilnoticias.com\/wp-content\/uploads\/2024\/07\/image-635-768x482.png 768w, https:\/\/terrabrasilnoticias.com\/wp-content\/uploads\/2024\/07\/image-635-750x471.png 750w\" sizes=\"(max-width: 940px) 100vw, 940px\"\/>\n<\/picture>\n<\/figure>\n<figure class=\"wp-block-image size-full\"><picture loading=\"lazy\" decoding=\"async\" class=\"wp-image-158527\"><source type=\"image\/webp\" srcset=\"https:\/\/terrabrasilnoticias.com\/wp-content\/uploads\/2024\/07\/image-634.png.webp 917w, https:\/\/terrabrasilnoticias.com\/wp-content\/uploads\/2024\/07\/image-634-300x222.png.webp 300w, https:\/\/terrabrasilnoticias.com\/wp-content\/uploads\/2024\/07\/image-634-768x570.png.webp 768w, https:\/\/terrabrasilnoticias.com\/wp-content\/uploads\/2024\/07\/image-634-750x556.png.webp 750w\" sizes=\"(max-width: 917px) 100vw, 917px\"\/><img loading=\"lazy\" decoding=\"async\" width=\"917\" height=\"680\" src=\"https:\/\/terrabrasilnoticias.com\/wp-content\/uploads\/2024\/07\/image-634.png\" alt=\"\" srcset=\"https:\/\/terrabrasilnoticias.com\/wp-content\/uploads\/2024\/07\/image-634.png 917w, https:\/\/terrabrasilnoticias.com\/wp-content\/uploads\/2024\/07\/image-634-300x222.png 300w, https:\/\/terrabrasilnoticias.com\/wp-content\/uploads\/2024\/07\/image-634-768x570.png 768w, https:\/\/terrabrasilnoticias.com\/wp-content\/uploads\/2024\/07\/image-634-750x556.png 750w\" sizes=\"auto, (max-width: 917px) 100vw, 917px\"\/>\n<\/picture>\n<\/figure>\n<h2 class=\"wp-block-heading\">Repercuss\u00f5es e Cr\u00edticas<\/h2>\n<p>Essa proemin\u00eancia de Janja tamb\u00e9m tem sido fonte de cr\u00edticas e desconforto tanto dentro quanto fora do pa\u00eds. Suas participa\u00e7\u00f5es em cerim\u00f4nias oficiais e encontros internacionais, por vezes, desrespeitando protocolos tradicionais, t\u00eam levantado questionamentos sobre a adequa\u00e7\u00e3o e os limites do seu papel. A falta de uma posi\u00e7\u00e3o executiva formal faz com que cada apari\u00e7\u00e3o sua seja meticulosamente analisada e, frequentemente, questionada em termos de legitimidade e propriedade.<\/p>\n<p>Adicionando camadas a essa discuss\u00e3o, encontra-se o sigilo imposto sobre informa\u00e7\u00f5es relacionadas aos seus compromissos e despesas, onde dados agora s\u00e3o protegidos por um per\u00edodo de at\u00e9 100 anos. Tal medida s\u00f3 intensifica os debates sobre transpar\u00eancia e \u00e9tica no gerenciamento das informa\u00e7\u00f5es p\u00fablicas.<\/p>\n<p>Em s\u00edntese, o fortalecimento da vis\u00e3o pol\u00edtica de Ros\u00e2ngela Lula da Silva pelo presidente Lula redefinir\u00e1 n\u00e3o apenas as din\u00e2micas dentro do PT, mas possivelmente tamb\u00e9m as expectativas e normativas que circundam o papel das primeiras-damas no Brasil. A trajet\u00f3ria de Janja, repleta de iniciativas e controv\u00e9rsias, ser\u00e1 certamente um term\u00f4metro para futuras estrat\u00e9gias eleitorais e administrativas no cen\u00e1rio pol\u00edtico nacional.<\/p>\n<\/p><\/div>\n<p><br \/>\n<br \/><a href=\"https:\/\/terrabrasilnoticias.com\/2024\/07\/o-que-lula-esta-planejando-fazer-com-janja\/\">Source link <\/a><\/p>","protected":false},"excerpt":{"rendered":"<p>Foto: Reprodu\u00e7\u00e3o\/Fabio Rodrigues-Pozzebom\/Ag\u00eancia Brasil. Em uma detida observa\u00e7\u00e3o das recentes manobras pol\u00edticas no Brasil, torna-se aparente que o presidente Luiz In\u00e1cio Lula da Silva tem incrementado de forma not\u00e1vel o&hellip;<\/p>","protected":false},"author":1,"featured_media":4742,"comment_status":"closed","ping_status":"open","sticky":false,"template":"","format":"standard","meta":{"content-type":"","footnotes":""},"categories":[16],"tags":[],"class_list":["post-4741","post","type-post","status-publish","format-standard","has-post-thumbnail","hentry","category-noticias"],"_links":{"self":[{"href":"https:\/\/tvbrazilusa.com\/pt\/wp-json\/wp\/v2\/posts\/4741","targetHints":{"allow":["GET"]}}],"collection":[{"href":"https:\/\/tvbrazilusa.com\/pt\/wp-json\/wp\/v2\/posts"}],"about":[{"href":"https:\/\/tvbrazilusa.com\/pt\/wp-json\/wp\/v2\/types\/post"}],"author":[{"embeddable":true,"href":"https:\/\/tvbrazilusa.com\/pt\/wp-json\/wp\/v2\/users\/1"}],"replies":[{"embeddable":true,"href":"https:\/\/tvbrazilusa.com\/pt\/wp-json\/wp\/v2\/comments?post=4741"}],"version-history":[{"count":1,"href":"https:\/\/tvbrazilusa.com\/pt\/wp-json\/wp\/v2\/posts\/4741\/revisions"}],"predecessor-version":[{"id":4743,"href":"https:\/\/tvbrazilusa.com\/pt\/wp-json\/wp\/v2\/posts\/4741\/revisions\/4743"}],"wp:featuredmedia":[{"embeddable":true,"href":"https:\/\/tvbrazilusa.com\/pt\/wp-json\/wp\/v2\/media\/4742"}],"wp:attachment":[{"href":"https:\/\/tvbrazilusa.com\/pt\/wp-json\/wp\/v2\/media?parent=4741"}],"wp:term":[{"taxonomy":"category","embeddable":true,"href":"https:\/\/tvbrazilusa.com\/pt\/wp-json\/wp\/v2\/categories?post=4741"},{"taxonomy":"post_tag","embeddable":true,"href":"https:\/\/tvbrazilusa.com\/pt\/wp-json\/wp\/v2\/tags?post=4741"}],"curies":[{"name":"wp","href":"https:\/\/api.w.org\/{rel}","templated":true}]}}