{"id":47418,"date":"2024-10-12T03:22:42","date_gmt":"2024-10-12T03:22:42","guid":{"rendered":"https:\/\/tvbrazilusa.com\/2024\/10\/12\/lewandowski-suspendeu-a-investigacao-sobre-a-compra-de-cacas-por-lula\/"},"modified":"2024-10-12T03:22:42","modified_gmt":"2024-10-12T03:22:42","slug":"lewandowski-suspendeu-a-investigacao-sobre-a-compra-de-cacas-por-lula","status":"publish","type":"post","link":"https:\/\/tvbrazilusa.com\/pt\/2024\/10\/12\/lewandowski-suspendeu-a-investigacao-sobre-a-compra-de-cacas-por-lula\/","title":{"rendered":"Lewandowski suspendeu a investiga\u00e7\u00e3o sobre a compra de ca\u00e7as por Lula"},"content":{"rendered":"<p> <script async src=\"https:\/\/pagead2.googlesyndication.com\/pagead\/js\/adsbygoogle.js?client=ca-pub-8864793242727901\"\r\n     crossorigin=\"anonymous\"><\/script><br \/>\n<\/p>\n<div id=\"taboola-read-more\" style=\"display:block; width:100%\">\n<p>A empresa sueca Saab, fabricante de aeronaves, informou nesta quinta-feira, 10, que foi chamada pelo Departamento de Justi\u00e7a dos Estados Unidos a fornecer detalhes sobre a compra de 36 ca\u00e7as Gripen pelo Brasil, no total de US$ 4,5 bilh\u00f5es, relata o jornal O Estado de S. Paulo. O an\u00fancio revela que existe uma investiga\u00e7\u00e3o em andamento nos Estados Unidos relacionada a essa transa\u00e7\u00e3o.\n<\/p>\n<p>O jornal lembrou que uma a\u00e7\u00e3o penal contra o presidente Luiz In\u00e1cio Lula da Silva (PT) foi arquivada em fevereiro de 2023 pelo ministro Ricardo Lewandowski. Naquele per\u00edodo, Lewandowski era integrante do Supremo Tribunal Federal (STF). Posteriormente, ele assumiu o cargo de ministro da Justi\u00e7a.<\/p>\n<p>Em 2016, Lula havia sido denunciado pelo Minist\u00e9rio P\u00fablico Federal, que levantou suspeitas de tr\u00e1fico de influ\u00eancia na contrata\u00e7\u00e3o, mas o presidente sempre negou qualquer envolvimento nas negocia\u00e7\u00f5es do contrato, assinado em 2014, quando j\u00e1 n\u00e3o ocupava mais a Presid\u00eancia.\n<\/p>\n<p>O processo de compra dos ca\u00e7as come\u00e7ou com a publica\u00e7\u00e3o do edital em 2006, durante a gest\u00e3o de Lula. Junto da Saab, a Boeing, dos Estados Unidos, e a francesa Dassault tamb\u00e9m participaram da concorr\u00eancia, que foi finalizada apenas em 2014. Na ocasi\u00e3o, a ex-presidente Dilma Rousseff (PT) estava no final de seu primeiro mandato.\n<\/p>\n<p>A negocia\u00e7\u00e3o foi alvo de investiga\u00e7\u00f5es no bojo da Opera\u00e7\u00e3o Zelotes. Iniciada em 2015, a opera\u00e7\u00e3o come\u00e7ou com foco na venda de decis\u00f5es do Conselho Administrativo de Recursos Fiscais (Carf). Depois, prossegue o Estad\u00e3o, passou a incluir a suposta venda de uma medida provis\u00f3ria que prorrogou incentivos fiscais para montadoras, favorecendo a Saab na compra dos Gripens.\n<\/p>\n<p><strong>Acusa\u00e7\u00e3o contra o filho de Lula<\/strong><br \/>Em sua den\u00fancia, o MPF, em 2015, atribuiu a Lula os crimes de tr\u00e1fico de influ\u00eancia, lavagem de dinheiro e associa\u00e7\u00e3o criminosa, afirmando que, entre 2013 e 2015, ele teria \u201cintegrado um esquema que prometia influenciar o governo em benef\u00edcio de empresas\u201d. O \u00f3rg\u00e3o ressaltou que ele j\u00e1 n\u00e3o era mais presidente.\n<\/p>\n<p>Al\u00e9m disso, a Procuradoria informou que o filho de Lula, Luis Cl\u00e1udio, recebeu cerca de R$ 2,5 milh\u00f5es como parte desse esquema.\n<\/p>\n<p>Em mar\u00e7o de 2022, Lewandowski decidiu suspender a a\u00e7\u00e3o penal. Mencionou para tanto, prossegue o jornal, a parcialidade dos procuradores e revelou mensagens trocadas entre eles depois de celulares da for\u00e7a-tarefa da Lava Jato terem sido hackeados. Para o ministro, essas comunica\u00e7\u00f5es revelavam que at\u00e9 mesmo os procuradores consideravam fracas as acusa\u00e7\u00f5es contra Lula.\n<\/p>\n<p>Recentemente, em fevereiro de 2023, Lewandowski, hoje ministro da Justi\u00e7a, voltou a decidir sobre o caso, encerrando definitivamente a a\u00e7\u00e3o contra o presidente. Na mesma decis\u00e3o, tamb\u00e9m foram trancados processos relacionados a doa\u00e7\u00f5es da Odebrecht ao Instituto Lula, al\u00e9m da compra de um terreno e um apartamento em S\u00e3o Bernardo do Campo.\n<\/p>\n<p>O ministro justificou sua decis\u00e3o ao afirmar que as provas eram \u201cimprest\u00e1veis e repletas de v\u00edcios insan\u00e1veis\u201d. Ele argumentou que n\u00e3o havia raz\u00e3o para as a\u00e7\u00f5es prosseguirem, sob pena de constrangimento ilegal a Lula.\n<\/p>\n<p>Fonte: Revista Oeste <\/p>\n<\/div>\n<p><br \/>\n<br \/><a href=\"https:\/\/diariodobrasilnoticias.com.br\/noticia\/lewandowski-suspendeu-a-investigacao-sobre-a-compra-de-cacas-por-lula-6709b34585e43\">Source link <\/a><\/p>","protected":false},"excerpt":{"rendered":"<p>A empresa sueca Saab, fabricante de aeronaves, informou nesta quinta-feira, 10, que foi chamada pelo Departamento de Justi\u00e7a dos Estados Unidos a fornecer detalhes sobre a compra de 36 ca\u00e7as&hellip;<\/p>","protected":false},"author":1,"featured_media":47419,"comment_status":"closed","ping_status":"open","sticky":false,"template":"","format":"standard","meta":{"content-type":"","footnotes":""},"categories":[16],"tags":[123,2448,5313,1267],"class_list":["post-47418","post","type-post","status-publish","format-standard","has-post-thumbnail","hentry","category-noticias","tag-brasil","tag-diario","tag-noticia","tag-noticias"],"_links":{"self":[{"href":"https:\/\/tvbrazilusa.com\/pt\/wp-json\/wp\/v2\/posts\/47418","targetHints":{"allow":["GET"]}}],"collection":[{"href":"https:\/\/tvbrazilusa.com\/pt\/wp-json\/wp\/v2\/posts"}],"about":[{"href":"https:\/\/tvbrazilusa.com\/pt\/wp-json\/wp\/v2\/types\/post"}],"author":[{"embeddable":true,"href":"https:\/\/tvbrazilusa.com\/pt\/wp-json\/wp\/v2\/users\/1"}],"replies":[{"embeddable":true,"href":"https:\/\/tvbrazilusa.com\/pt\/wp-json\/wp\/v2\/comments?post=47418"}],"version-history":[{"count":1,"href":"https:\/\/tvbrazilusa.com\/pt\/wp-json\/wp\/v2\/posts\/47418\/revisions"}],"predecessor-version":[{"id":47420,"href":"https:\/\/tvbrazilusa.com\/pt\/wp-json\/wp\/v2\/posts\/47418\/revisions\/47420"}],"wp:featuredmedia":[{"embeddable":true,"href":"https:\/\/tvbrazilusa.com\/pt\/wp-json\/wp\/v2\/media\/47419"}],"wp:attachment":[{"href":"https:\/\/tvbrazilusa.com\/pt\/wp-json\/wp\/v2\/media?parent=47418"}],"wp:term":[{"taxonomy":"category","embeddable":true,"href":"https:\/\/tvbrazilusa.com\/pt\/wp-json\/wp\/v2\/categories?post=47418"},{"taxonomy":"post_tag","embeddable":true,"href":"https:\/\/tvbrazilusa.com\/pt\/wp-json\/wp\/v2\/tags?post=47418"}],"curies":[{"name":"wp","href":"https:\/\/api.w.org\/{rel}","templated":true}]}}