{"id":47430,"date":"2024-10-12T04:00:28","date_gmt":"2024-10-12T04:00:28","guid":{"rendered":"https:\/\/tvbrazilusa.com\/2024\/10\/12\/mucio-monteiro-e-denunciado-a-pgr-por-racismo-em-relacao-aos-blindados-de-israel\/"},"modified":"2024-10-12T04:00:29","modified_gmt":"2024-10-12T04:00:29","slug":"mucio-monteiro-e-denunciado-a-pgr-por-racismo-em-relacao-aos-blindados-de-israel","status":"publish","type":"post","link":"https:\/\/tvbrazilusa.com\/pt\/2024\/10\/12\/mucio-monteiro-e-denunciado-a-pgr-por-racismo-em-relacao-aos-blindados-de-israel\/","title":{"rendered":"M\u00facio Monteiro \u00e9 denunciado \u00e0 PGR por &#8216;racismo&#8217; em rela\u00e7\u00e3o aos blindados de Israel"},"content":{"rendered":"<p> <script async src=\"https:\/\/pagead2.googlesyndication.com\/pagead\/js\/adsbygoogle.js?client=ca-pub-8864793242727901\"\r\n     crossorigin=\"anonymous\"><\/script><br \/>\n<\/p>\n<div id=\"taboola-read-more\" style=\"display:block; width:100%\">\n<p>A deputada federal J\u00falia Zanatta (PL-SC) apresentou uma den\u00fancia na Procuradoria-Geral da Rep\u00fablica (PGR) para apurar poss\u00edvel ato de improbidade administrativa e crime de racismo ap\u00f3s o ministro da defesa, Jos\u00e9 M\u00facio Monteiro (foto, \u00e0 direita), admitir publicamente que o governo brasileiro travou uma licita\u00e7\u00e3o de blindados israelenses por quest\u00f5es ideol\u00f3gicas.\n<\/p>\n<p>Como mostramos, o ministro da Defesa declarou que o governo Lula interferiu em um processo de licita\u00e7\u00e3o da pasta por ideologia contr\u00e1ria a Israel.<\/p>\n<p>\u201cHouve agora uma concorr\u00eancia, uma licita\u00e7\u00e3o\u2026 Venceram os judeus, o povo de Israel, mas, por quest\u00e3o da guerra, do Hamas, os grupos pol\u00edticos\u2026 N\u00f3s estamos com essa licita\u00e7\u00e3o pronta, mas, por quest\u00f5es ideol\u00f3gicas, n\u00f3s n\u00e3o podemos aprovar\u201d, disse M\u00facio em evento com a Confedera\u00e7\u00e3o Nacional da Ind\u00fastria em Bras\u00edlia nesta ter\u00e7a-feira, 8 de outubro.\n<\/p>\n<p>Para a deputada federal, a fala do ministro indica que o governo Lula n\u00e3o obedeceu a princ\u00edpios balizares da administra\u00e7\u00e3o p\u00fablica, como a isonomia, por exemplo.\n<\/p>\n<p>Antissemitismo no governo Lula?<br \/>\u201cO antissemitismo refere-se a uma avers\u00e3o criada por certos setores da sociedade contra povos de origem judaica da linhagem \u00e9tnica semita. O antissemitismo \u00e9 t\u00e3o antigo na sociedade quanto o juda\u00edsmo e iniciou-se pelo \u00f3dio de popula\u00e7\u00f5es de certos locais \u00e0 migra\u00e7\u00e3o de judeus advinda de suas di\u00e1sporas\u201d, declara a parlamentar na representa\u00e7\u00e3o.\n<\/p>\n<p>\u201cA Rep\u00fablica Federativa do Brasil tem o dever de promover o bem de todos, sem preconceitos de origem, ra\u00e7a, sexo, cor, idade e quaisquer outras formas de discrimina\u00e7\u00e3o\u201d, acrescentou ela.\n<\/p>\n<p>\u201cA afirma\u00e7\u00e3o de que decis\u00f5es administrativas foram impactadas por ideologias pessoais, em detrimento de crit\u00e9rios objetivos de efici\u00eancia e qualidade, al\u00e9m de enfraquecer a confian\u00e7a nas institui\u00e7\u00f5es p\u00fablicas e comprometer a integridade do sistema licitat\u00f3rio, caracteriza um ato evidente de discrimina\u00e7\u00e3o\u201d, complementou.\n<\/p>\n<p>Al\u00e9m de Zanatta, outros parlamentares de oposi\u00e7\u00e3o apresentaram pedidos de convoca\u00e7\u00e3o do ministro para dar explica\u00e7\u00f5es ao Congresso sobre essa fala.\n<\/p>\n<p>Fonte: O Antagonista <\/p>\n<\/div>\n<p><br \/>\n<br \/><a href=\"https:\/\/diariodobrasilnoticias.com.br\/noticia\/mucio-monteiro-e-denunciado-a-pgr-por-racismo-em-relacao-aos-blindados-de-israel-67099d1457535\">Source link <\/a><\/p>","protected":false},"excerpt":{"rendered":"<p>A deputada federal J\u00falia Zanatta (PL-SC) apresentou uma den\u00fancia na Procuradoria-Geral da Rep\u00fablica (PGR) para apurar poss\u00edvel ato de improbidade administrativa e crime de racismo ap\u00f3s o ministro da defesa,&hellip;<\/p>","protected":false},"author":1,"featured_media":47431,"comment_status":"closed","ping_status":"open","sticky":false,"template":"","format":"standard","meta":{"content-type":"","footnotes":""},"categories":[16],"tags":[123,2448,5313,1267],"class_list":["post-47430","post","type-post","status-publish","format-standard","has-post-thumbnail","hentry","category-noticias","tag-brasil","tag-diario","tag-noticia","tag-noticias"],"_links":{"self":[{"href":"https:\/\/tvbrazilusa.com\/pt\/wp-json\/wp\/v2\/posts\/47430","targetHints":{"allow":["GET"]}}],"collection":[{"href":"https:\/\/tvbrazilusa.com\/pt\/wp-json\/wp\/v2\/posts"}],"about":[{"href":"https:\/\/tvbrazilusa.com\/pt\/wp-json\/wp\/v2\/types\/post"}],"author":[{"embeddable":true,"href":"https:\/\/tvbrazilusa.com\/pt\/wp-json\/wp\/v2\/users\/1"}],"replies":[{"embeddable":true,"href":"https:\/\/tvbrazilusa.com\/pt\/wp-json\/wp\/v2\/comments?post=47430"}],"version-history":[{"count":1,"href":"https:\/\/tvbrazilusa.com\/pt\/wp-json\/wp\/v2\/posts\/47430\/revisions"}],"predecessor-version":[{"id":47432,"href":"https:\/\/tvbrazilusa.com\/pt\/wp-json\/wp\/v2\/posts\/47430\/revisions\/47432"}],"wp:featuredmedia":[{"embeddable":true,"href":"https:\/\/tvbrazilusa.com\/pt\/wp-json\/wp\/v2\/media\/47431"}],"wp:attachment":[{"href":"https:\/\/tvbrazilusa.com\/pt\/wp-json\/wp\/v2\/media?parent=47430"}],"wp:term":[{"taxonomy":"category","embeddable":true,"href":"https:\/\/tvbrazilusa.com\/pt\/wp-json\/wp\/v2\/categories?post=47430"},{"taxonomy":"post_tag","embeddable":true,"href":"https:\/\/tvbrazilusa.com\/pt\/wp-json\/wp\/v2\/tags?post=47430"}],"curies":[{"name":"wp","href":"https:\/\/api.w.org\/{rel}","templated":true}]}}