{"id":47471,"date":"2024-10-12T11:00:00","date_gmt":"2024-10-12T11:00:00","guid":{"rendered":"https:\/\/tvbrazilusa.com\/2024\/10\/12\/curitiba-tse-suspende-fundo-eleitoral-de-partido-de-cristina-graeml-paulo-figueiredo\/"},"modified":"2024-10-12T11:11:17","modified_gmt":"2024-10-12T11:11:17","slug":"curitiba-tse-suspende-fundo-eleitoral-de-partido-de-cristina-graeml-paulo-figueiredo","status":"publish","type":"post","link":"https:\/\/tvbrazilusa.com\/pt\/2024\/10\/12\/curitiba-tse-suspende-fundo-eleitoral-de-partido-de-cristina-graeml-paulo-figueiredo\/","title":{"rendered":"Curitiba: TSE suspende fundo eleitoral de partido de Cristina Graeml &#8211; Paulo Figueiredo"},"content":{"rendered":"<p> <script async src=\"https:\/\/pagead2.googlesyndication.com\/pagead\/js\/adsbygoogle.js?client=ca-pub-8864793242727901\"\r\n     crossorigin=\"anonymous\"><\/script><br \/>\n<\/p>\n<div id=\"wtr-content\" data-bg=\"#FFFFFF\" data-fg=\"#006d91\" data-width=\"25\" data-mute=\"1\" data-fgopacity=\"1.00\" data-mutedopacity=\"0.5\" data-placement=\"bottom\" data-placement-offset=\"0\" data-content-offset=\"262\" data-placement-touch=\"bottom\" data-placement-offset-touch=\"0\" data-transparent=\"\" data-shadow=\"0\" data-touch=\"1\" data-non-touch=\"1\" data-comments=\"0\" data-commentsbg=\"transparent\" data-location=\"page\" data-mutedfg=\"#006d91\" data-endfg=\"#006d91\" data-rtl=\"\">\n<h3 class=\"wp-block-heading\">PMB diz que n\u00e3o entende posi\u00e7\u00e3o de Carmen L\u00facia, que \u2018defende a pauta das mulheres\u2019<\/h3>\n<p>Cristina Graeml, jornalista e candidata \u00e0 Prefeitura de Curitiba, n\u00e3o recebeu nenhum valor do fundo eleitoral do seu partido, o PMB, no primeiro turno. Por causa de um erro formal na presta\u00e7\u00e3o de contas da legenda, a ministra C\u00e1rmen L\u00facia, do Supremo Tribunal Eleitoral (TSE), determinou o bloqueio de R$ 3,4 milh\u00f5es que iriam para a campanha das elei\u00e7\u00f5es municipais.<\/p>\n<h3 class=\"wp-block-heading\" id=\"7fb62f86\"><a href=\"https:\/\/wainews-homolog.streamlit.app\/~\/+\/#7fb62f86\"\/>TSE n\u00e3o libera recursos para campanha de Cristina Graeml, mesmo depois de corre\u00e7\u00e3o do erro<\/h3>\n<p>Mesmo com a corre\u00e7\u00e3o do erro, n\u00e3o houve a libera\u00e7\u00e3o dos recursos. Yann Monteiro, da dire\u00e7\u00e3o nacional do PMB, disse que n\u00e3o compreende por que o caso j\u00e1 n\u00e3o foi resolvido pela Justi\u00e7a Eleitoral.<\/p>\n<p>\u201cN\u00f3s at\u00e9 ficamos com dificuldade de compreender essa posi\u00e7\u00e3o da ministra C\u00e1rmen L\u00facia, que defende a pauta das mulheres\u201d, declarou Monteiro ao jornal\u00a0<em>Folha de S.Paulo.<\/em><\/p>\n<p>Sem o fundo, Graeml arrecadou R$ 515 mil para sua campanha. O valor est\u00e1 bem abaixo dos R$ 12,4 milh\u00f5es obtidos por Eduardo Pimentel, seu oponente do PSD no segundo turno.<\/p>\n<p>Sem tempo de r\u00e1dio nem TV e praticamente sem participar de debates, Cristina conseguiu 31% dos votos no primeiro turno. Ela ficou em segundo lugar nas urnas. J\u00e1 Eduardo Pimentel garantiu a primeira coloca\u00e7\u00e3o, com 33% dos votos.\u00a0<\/p>\n<p>Formado em administra\u00e7\u00e3o de empresas, Pimentel tem de 39 anos. Declararam apoio a ele o ex-presidente Jair Bolsonaro, do governador de S\u00e3o Paulo, Tarc\u00edsio de Freitas, al\u00e9m do do governador do Paran\u00e1, Ratinho Junior.<\/p>\n<p>J\u00e1 Cristina Graeml, de 54 anos, tem passagens pela TV Globo, pelo jornal\u00a0<em>Gazeta do Povo<\/em>\u00a0e pela\u00a0<strong>Revista Oeste<\/strong>. No entanto, nunca se candidatou a nenhum cargo pol\u00edtico.\u00a0<\/p>\n<p><strong><a href=\"https:\/\/revistaoeste.com\/politica\/curitiba-tse-suspende-fundo-eleitoral-de-partido-de-cristina-graeml\/\">Source link<\/a><\/strong><\/p>\n<\/div>\n<p><br \/>\n<br \/><a href=\"https:\/\/paulofigueiredoshow.com\/curitiba-tse-suspende-fundo-eleitoral-de-partido-de-cristina-graeml\/\">Source link <\/a><\/p>","protected":false},"excerpt":{"rendered":"<p>PMB diz que n\u00e3o entende posi\u00e7\u00e3o de Carmen L\u00facia, que \u2018defende a pauta das mulheres\u2019 Cristina Graeml, jornalista e candidata \u00e0 Prefeitura de Curitiba, n\u00e3o recebeu nenhum valor do fundo&hellip;<\/p>","protected":false},"author":1,"featured_media":47472,"comment_status":"closed","ping_status":"open","sticky":false,"template":"","format":"standard","meta":{"content-type":"","footnotes":""},"categories":[16],"tags":[746,7704,9143,9357,1408,1828,3801,5893,5894,1593],"class_list":["post-47471","post","type-post","status-publish","format-standard","has-post-thumbnail","hentry","category-noticias","tag-campanha","tag-carmen-lucia","tag-correcao","tag-curitiba","tag-eleicoes","tag-erro","tag-graeml","tag-recursos","tag-suspende","tag-tse"],"_links":{"self":[{"href":"https:\/\/tvbrazilusa.com\/pt\/wp-json\/wp\/v2\/posts\/47471","targetHints":{"allow":["GET"]}}],"collection":[{"href":"https:\/\/tvbrazilusa.com\/pt\/wp-json\/wp\/v2\/posts"}],"about":[{"href":"https:\/\/tvbrazilusa.com\/pt\/wp-json\/wp\/v2\/types\/post"}],"author":[{"embeddable":true,"href":"https:\/\/tvbrazilusa.com\/pt\/wp-json\/wp\/v2\/users\/1"}],"replies":[{"embeddable":true,"href":"https:\/\/tvbrazilusa.com\/pt\/wp-json\/wp\/v2\/comments?post=47471"}],"version-history":[{"count":1,"href":"https:\/\/tvbrazilusa.com\/pt\/wp-json\/wp\/v2\/posts\/47471\/revisions"}],"predecessor-version":[{"id":47473,"href":"https:\/\/tvbrazilusa.com\/pt\/wp-json\/wp\/v2\/posts\/47471\/revisions\/47473"}],"wp:featuredmedia":[{"embeddable":true,"href":"https:\/\/tvbrazilusa.com\/pt\/wp-json\/wp\/v2\/media\/47472"}],"wp:attachment":[{"href":"https:\/\/tvbrazilusa.com\/pt\/wp-json\/wp\/v2\/media?parent=47471"}],"wp:term":[{"taxonomy":"category","embeddable":true,"href":"https:\/\/tvbrazilusa.com\/pt\/wp-json\/wp\/v2\/categories?post=47471"},{"taxonomy":"post_tag","embeddable":true,"href":"https:\/\/tvbrazilusa.com\/pt\/wp-json\/wp\/v2\/tags?post=47471"}],"curies":[{"name":"wp","href":"https:\/\/api.w.org\/{rel}","templated":true}]}}