{"id":47483,"date":"2024-10-12T12:13:48","date_gmt":"2024-10-12T12:13:48","guid":{"rendered":"https:\/\/tvbrazilusa.com\/2024\/10\/12\/barroso-e-toffoli-que-julgam-acoes-da-jbs-palestram-em-evento-patrocinado-pela-empresa-dos-batista\/"},"modified":"2024-10-12T12:13:50","modified_gmt":"2024-10-12T12:13:50","slug":"barroso-e-toffoli-que-julgam-acoes-da-jbs-palestram-em-evento-patrocinado-pela-empresa-dos-batista","status":"publish","type":"post","link":"https:\/\/tvbrazilusa.com\/pt\/2024\/10\/12\/barroso-e-toffoli-que-julgam-acoes-da-jbs-palestram-em-evento-patrocinado-pela-empresa-dos-batista\/","title":{"rendered":"Barroso e Toffoli, que julgam a\u00e7\u00f5es da JBS, palestram em evento patrocinado pela empresa dos Batista"},"content":{"rendered":"<p> <script async src=\"https:\/\/pagead2.googlesyndication.com\/pagead\/js\/adsbygoogle.js?client=ca-pub-8864793242727901\"\r\n     crossorigin=\"anonymous\"><\/script><br \/>\n<\/p>\n<div id=\"taboola-read-more\" style=\"display:block; width:100%\">\n<p>O presidente do Supremo Tribunal Federal (STF), Lu\u00eds Roberto Barroso, e o ministro Dias Toffoli est\u00e3o em Roma, na It\u00e1lia, para participar do II F\u00f3rum Internacional, evento promovido pelo grupo Esfera Brasil, que re\u00fane outras oito autoridades dos Tr\u00eas Poderes. Os dois magistrados s\u00e3o relatores de v\u00e1rias a\u00e7\u00f5es de interesse de um dos patrocinadores da confer\u00eancia e que tamb\u00e9m marca presen\u00e7a na capital italiana: o empres\u00e1rio Wesley Batista.\u2063<br \/>\u2063<br \/>O evento promovido pelo grupo Esfera \u00e9 patrocinado pela JBS, que pertence a Wesley e ao seu irm\u00e3o, Joesley Batista. Tamb\u00e9m patrocinam o F\u00f3rum as empresas Ambipar, Cedro Minera\u00e7\u00e3o, OncoCl\u00ednicaCO, TotalPass e Banco Master &#8211; este \u00faltimo responde a uma a\u00e7\u00e3o que tramita no STF sob relatoria do ministro Gilmar Mendes, que n\u00e3o participa do evento em Roma.\u00a0\n<\/p>\n<p>Fonte: @estadao<\/p>\n<\/p><\/div>\n<p><br \/>\n<br \/><a href=\"https:\/\/diariodobrasilnoticias.com.br\/noticia\/barroso-e-toffoli-que-julgam-acoes-da-jbs-palestram-em-evento-patrocinado-pela-empresa-dos-batista-670a4ce44aebd\">Source link <\/a><\/p>","protected":false},"excerpt":{"rendered":"<p>O presidente do Supremo Tribunal Federal (STF), Lu\u00eds Roberto Barroso, e o ministro Dias Toffoli est\u00e3o em Roma, na It\u00e1lia, para participar do II F\u00f3rum Internacional, evento promovido pelo grupo&hellip;<\/p>","protected":false},"author":1,"featured_media":47484,"comment_status":"closed","ping_status":"open","sticky":false,"template":"","format":"standard","meta":{"content-type":"","footnotes":""},"categories":[16],"tags":[123,2448,5313,1267],"class_list":["post-47483","post","type-post","status-publish","format-standard","has-post-thumbnail","hentry","category-noticias","tag-brasil","tag-diario","tag-noticia","tag-noticias"],"_links":{"self":[{"href":"https:\/\/tvbrazilusa.com\/pt\/wp-json\/wp\/v2\/posts\/47483","targetHints":{"allow":["GET"]}}],"collection":[{"href":"https:\/\/tvbrazilusa.com\/pt\/wp-json\/wp\/v2\/posts"}],"about":[{"href":"https:\/\/tvbrazilusa.com\/pt\/wp-json\/wp\/v2\/types\/post"}],"author":[{"embeddable":true,"href":"https:\/\/tvbrazilusa.com\/pt\/wp-json\/wp\/v2\/users\/1"}],"replies":[{"embeddable":true,"href":"https:\/\/tvbrazilusa.com\/pt\/wp-json\/wp\/v2\/comments?post=47483"}],"version-history":[{"count":1,"href":"https:\/\/tvbrazilusa.com\/pt\/wp-json\/wp\/v2\/posts\/47483\/revisions"}],"predecessor-version":[{"id":47485,"href":"https:\/\/tvbrazilusa.com\/pt\/wp-json\/wp\/v2\/posts\/47483\/revisions\/47485"}],"wp:featuredmedia":[{"embeddable":true,"href":"https:\/\/tvbrazilusa.com\/pt\/wp-json\/wp\/v2\/media\/47484"}],"wp:attachment":[{"href":"https:\/\/tvbrazilusa.com\/pt\/wp-json\/wp\/v2\/media?parent=47483"}],"wp:term":[{"taxonomy":"category","embeddable":true,"href":"https:\/\/tvbrazilusa.com\/pt\/wp-json\/wp\/v2\/categories?post=47483"},{"taxonomy":"post_tag","embeddable":true,"href":"https:\/\/tvbrazilusa.com\/pt\/wp-json\/wp\/v2\/tags?post=47483"}],"curies":[{"name":"wp","href":"https:\/\/api.w.org\/{rel}","templated":true}]}}