{"id":47489,"date":"2024-10-12T12:49:31","date_gmt":"2024-10-12T12:49:31","guid":{"rendered":"https:\/\/tvbrazilusa.com\/2024\/10\/12\/nicaragua-de-daniel-ortega-anuncia-rompimento-de-relacoes-com-israel\/"},"modified":"2024-10-12T12:49:33","modified_gmt":"2024-10-12T12:49:33","slug":"nicaragua-de-daniel-ortega-anuncia-rompimento-de-relacoes-com-israel","status":"publish","type":"post","link":"https:\/\/tvbrazilusa.com\/pt\/2024\/10\/12\/nicaragua-de-daniel-ortega-anuncia-rompimento-de-relacoes-com-israel\/","title":{"rendered":"Nicar\u00e1gua, de Daniel Ortega, anuncia rompimento de rela\u00e7\u00f5es com Israel"},"content":{"rendered":"<p> <script async src=\"https:\/\/pagead2.googlesyndication.com\/pagead\/js\/adsbygoogle.js?client=ca-pub-8864793242727901\"\r\n     crossorigin=\"anonymous\"><\/script><br \/>\n<\/p>\n<div id=\"taboola-read-more\" style=\"display:block; width:100%\">\n<p>A Nicar\u00e1gua anunciou, nesta sexta-feira (11\/10), o rompimento de rela\u00e7\u00f5es diplom\u00e1ticas com Israel. De acordo o governo de Daniel Ortega, a atitude \u00e9 um ato de solidariedade com a Palestina.<\/p>\n<p>\u201cEm solidariedade permanente como povo e governo da Palestina, com os povos que sofrem mart\u00edrios, a destrui\u00e7\u00e3o e a barb\u00e1rie e em estrita ades\u00e3o ao direito internacional e \u00e0s conven\u00e7\u00f5es que regem as rela\u00e7\u00f5es civilizadas entre estados e governos do mundo, o governo da Rep\u00fablica da Nicar\u00e1gua rompe todas as rela\u00e7\u00f5es diplom\u00e1ticas com o governo fascista de Israel\u201d, disse o governo nicaraguense em nota<\/p>\n<p>Al\u00e9m disso, a administra\u00e7\u00e3o do ditador Ortega exigiu que todas as resolu\u00e7\u00f5es da Organiza\u00e7\u00e3o das Na\u00e7\u00f5es Unidas (ONU) sejam cumpridas, e pediu a cria\u00e7\u00e3o do estado da Palestina.<\/p>\n<p>No fim de 2023, a Nicar\u00e1gua se juntou a uma den\u00fancia da \u00c1frica do Sul no Tribunal de Haia contra o governo de Benjamin Netanyahu, acusado de cometer genoc1di0 contra palestinos.<\/p>\n<p>J\u00e1 no in\u00edcio deste ano, o governo do presidente linha dura Daniel Ortega amea\u00e7ou levar pa\u00edses apoiadores de Israel \u00e0 Corte Internacional por cumplicidade em poss\u00edveis crimes praticados na Faixa de Gaza.<\/p>\n<p>Enquanto isso, Ortega enfrenta acusa\u00e7\u00f5es e den\u00fancias na Organiza\u00e7\u00e3o das Na\u00e7\u00f5es Unidas (ONU) por deten\u00e7\u00f5es arbitr\u00e1rias, intimida\u00e7\u00f5es e maus-tratos contra opositores do sandinismo, no comando do pa\u00eds pela segunda vez desde 2007.\n<\/p>\n<p>Fonte: @metropolespolitica<\/p>\n<\/p><\/div>\n<p><br \/>\n<br \/><a href=\"https:\/\/diariodobrasilnoticias.com.br\/noticia\/nicaragua-de-daniel-ortega-anuncia-rompimento-de-relacoes-com-israel-670a50249688c\">Source link <\/a><\/p>","protected":false},"excerpt":{"rendered":"<p>A Nicar\u00e1gua anunciou, nesta sexta-feira (11\/10), o rompimento de rela\u00e7\u00f5es diplom\u00e1ticas com Israel. De acordo o governo de Daniel Ortega, a atitude \u00e9 um ato de solidariedade com a Palestina.&hellip;<\/p>","protected":false},"author":1,"featured_media":47490,"comment_status":"closed","ping_status":"open","sticky":false,"template":"","format":"standard","meta":{"content-type":"","footnotes":""},"categories":[16],"tags":[123,2448,5313,1267],"class_list":["post-47489","post","type-post","status-publish","format-standard","has-post-thumbnail","hentry","category-noticias","tag-brasil","tag-diario","tag-noticia","tag-noticias"],"_links":{"self":[{"href":"https:\/\/tvbrazilusa.com\/pt\/wp-json\/wp\/v2\/posts\/47489","targetHints":{"allow":["GET"]}}],"collection":[{"href":"https:\/\/tvbrazilusa.com\/pt\/wp-json\/wp\/v2\/posts"}],"about":[{"href":"https:\/\/tvbrazilusa.com\/pt\/wp-json\/wp\/v2\/types\/post"}],"author":[{"embeddable":true,"href":"https:\/\/tvbrazilusa.com\/pt\/wp-json\/wp\/v2\/users\/1"}],"replies":[{"embeddable":true,"href":"https:\/\/tvbrazilusa.com\/pt\/wp-json\/wp\/v2\/comments?post=47489"}],"version-history":[{"count":1,"href":"https:\/\/tvbrazilusa.com\/pt\/wp-json\/wp\/v2\/posts\/47489\/revisions"}],"predecessor-version":[{"id":47491,"href":"https:\/\/tvbrazilusa.com\/pt\/wp-json\/wp\/v2\/posts\/47489\/revisions\/47491"}],"wp:featuredmedia":[{"embeddable":true,"href":"https:\/\/tvbrazilusa.com\/pt\/wp-json\/wp\/v2\/media\/47490"}],"wp:attachment":[{"href":"https:\/\/tvbrazilusa.com\/pt\/wp-json\/wp\/v2\/media?parent=47489"}],"wp:term":[{"taxonomy":"category","embeddable":true,"href":"https:\/\/tvbrazilusa.com\/pt\/wp-json\/wp\/v2\/categories?post=47489"},{"taxonomy":"post_tag","embeddable":true,"href":"https:\/\/tvbrazilusa.com\/pt\/wp-json\/wp\/v2\/tags?post=47489"}],"curies":[{"name":"wp","href":"https:\/\/api.w.org\/{rel}","templated":true}]}}