{"id":47495,"date":"2024-10-12T13:07:17","date_gmt":"2024-10-12T13:07:17","guid":{"rendered":"https:\/\/tvbrazilusa.com\/2024\/10\/12\/senacon-adverte-proprietarios-de-veiculos-sobre-a-importancia-de-realizar-recall\/"},"modified":"2024-10-12T13:07:19","modified_gmt":"2024-10-12T13:07:19","slug":"senacon-adverte-proprietarios-de-veiculos-sobre-a-importancia-de-realizar-recall","status":"publish","type":"post","link":"https:\/\/tvbrazilusa.com\/pt\/2024\/10\/12\/senacon-adverte-proprietarios-de-veiculos-sobre-a-importancia-de-realizar-recall\/","title":{"rendered":"Senacon adverte propriet\u00e1rios de ve\u00edculos sobre a import\u00e2ncia de realizar recall"},"content":{"rendered":"<p> <script async src=\"https:\/\/pagead2.googlesyndication.com\/pagead\/js\/adsbygoogle.js?client=ca-pub-8864793242727901\"\r\n     crossorigin=\"anonymous\"><\/script><br \/>\n<\/p>\n<div>\n<figure class=\"post-image\">\n<\/figure>\n<p><span style=\"font-size: 12px\">Reprodu\u00e7\u00e3o<\/span><\/p>\n<div id=\"taboola-read-more\" style=\"display:block; width:100%\">\n<p>A Secretaria Nacional do Consumidor (Senacon) fez um alerta aos propriet\u00e1rios de ve\u00edculos sobre a import\u00e2ncia de realizar recalls, que s\u00e3o convoca\u00e7\u00f5es feitas pelos fabricantes quando um produto j\u00e1 no mercado apresenta falhas que podem colocar em risco a sa\u00fade ou a seguran\u00e7a dos consumidores. O objetivo \u00e9 corrigir defeitos de fabrica\u00e7\u00e3o ou substituir pe\u00e7as que possam causar acidentes.\n<\/p>\n<p>Um dos principais riscos de n\u00e3o atender ao chamado para o recall \u00e9 a possibilidade de falhas mec\u00e2nicas graves, como problemas nos freios, airbags, sistemas de dire\u00e7\u00e3o ou motor. Uma falha nesses componentes pode levar \u00e0 perda de controle do ve\u00edculo e a acidentes.<\/p>\n<p>Apesar do n\u00e3o cumprimento do recall representar risco \u00e0 vida, isso n\u00e3o impede o licenciamento imediato do ve\u00edculo. No entanto, desde 1\u00ba de outubro de 2019, ve\u00edculos com recall n\u00e3o atendido ap\u00f3s um ano da notifica\u00e7\u00e3o ter\u00e3o essa informa\u00e7\u00e3o registrada no Certificado de Licenciamento Anual. A regulariza\u00e7\u00e3o s\u00f3 ser\u00e1 poss\u00edvel ap\u00f3s o atendimento da convoca\u00e7\u00e3o.\n<\/p>\n<p>Responsabilidade com a seguran\u00e7a p\u00fablica<br \/>Embora associado a ve\u00edculos, o recall tamb\u00e9m se aplica a outros segmentos, como eletrodom\u00e9sticos, medicamentos, brinquedos e alimentos. De acordo com o C\u00f3digo de Defesa do Consumidor (CDC), as fabricantes s\u00e3o obrigadas a informar imediatamente sobre as falhas, mas cabe ao consumidor atender \u00e0s convoca\u00e7\u00f5es.\n<\/p>\n<p>O recall \u00e9 uma a\u00e7\u00e3o preventiva. Quando um defeito \u00e9 identificado, ele pode comprometer a seguran\u00e7a de motoristas e passageiros. Por isso, atender a esses chamados \u00e9 uma quest\u00e3o de responsabilidade com a pr\u00f3pria vida e com a seguran\u00e7a p\u00fablica \u2014 afirma o secret\u00e1rio Nacional do Consumidor, Wadih Damous.\n<\/p>\n<p><strong>Passo a Passo do Recall<\/strong>\n<\/p>\n<ul>\n<li>As montadoras divulgam os recalls por meio de canais oficiais, como sites, redes sociais, campanhas publicit\u00e1rias e avisos na imprensa. Elas tamb\u00e9m notificam os propriet\u00e1rios diretamente, por meio dos dados cadastrados no momento da compra do ve\u00edculo.<\/li>\n<li>Ao ser informado sobre a necessidade da manuten\u00e7\u00e3o, o propriet\u00e1rio deve verificar o n\u00famero do chassi do seu ve\u00edculo, indicado no CRLV, para confirmar se o modelo est\u00e1 na lista do recall.<\/li>\n<li>Confirmada a necessidade, o pr\u00f3ximo passo \u00e9 entrar em contato com a montadora ou a concession\u00e1ria autorizada para agendar o reparo ou a substitui\u00e7\u00e3o da pe\u00e7a defeituosa.<\/li>\n<li>No dia marcado, o propriet\u00e1rio deve levar o ve\u00edculo at\u00e9 o local, onde o reparo ser\u00e1 feito gratuitamente. As montadoras s\u00e3o obrigadas a oferecer o servi\u00e7o sem qualquer custo ao consumidor<\/li>\n<li>Ap\u00f3s a conclus\u00e3o do servi\u00e7o, a concession\u00e1ria emitir\u00e1 um comprovante de que o recall foi feito. \u00c9 importante guardar esse documento para eventuais consultas.<\/li>\n<\/ul>\n<p>Fonte: Extra <\/p>\n<\/div>\n<div class=\"row mt-3\">\n<div class=\"col-sm-6\">\n<p><a href=\"https:\/\/chat.whatsapp.com\/J6hwSKYns5B0XFowx2wZ0P\" target=\"_blank\" rel=\"noopener\"><br \/>\n<img decoding=\"async\" src=\"https:\/\/diariodobrasilnoticias.com.br\/assets-site\/images\/bot_whatsapp.png\"\/><\/a>\n<\/div>\n<div class=\"col-sm-6\">\n<a href=\"https:\/\/t.me\/+_4gTmi5LKo03OTM5\" target=\"_blank\" rel=\"noopener\"><br \/>\n<img decoding=\"async\" src=\"https:\/\/diariodobrasilnoticias.com.br\/assets-site\/images\/bot_telegram.png\"\/><\/a>\n<\/div>\n<\/div>\n<\/div>\n<p><br \/>\n<br \/><a href=\"https:\/\/diariodobrasilnoticias.com.br\/noticia\/senacon-adverte-proprietarios-de-veiculos-sobre-a-importancia-de-realizar-recall-670a5b5729f64\">Source link <\/a><\/p>","protected":false},"excerpt":{"rendered":"<p>Reprodu\u00e7\u00e3o A Secretaria Nacional do Consumidor (Senacon) fez um alerta aos propriet\u00e1rios de ve\u00edculos sobre a import\u00e2ncia de realizar recalls, que s\u00e3o convoca\u00e7\u00f5es feitas pelos fabricantes quando um produto j\u00e1&hellip;<\/p>","protected":false},"author":1,"featured_media":47496,"comment_status":"closed","ping_status":"open","sticky":false,"template":"","format":"standard","meta":{"content-type":"","footnotes":""},"categories":[16],"tags":[123,2448,5313,1267],"class_list":["post-47495","post","type-post","status-publish","format-standard","has-post-thumbnail","hentry","category-noticias","tag-brasil","tag-diario","tag-noticia","tag-noticias"],"_links":{"self":[{"href":"https:\/\/tvbrazilusa.com\/pt\/wp-json\/wp\/v2\/posts\/47495","targetHints":{"allow":["GET"]}}],"collection":[{"href":"https:\/\/tvbrazilusa.com\/pt\/wp-json\/wp\/v2\/posts"}],"about":[{"href":"https:\/\/tvbrazilusa.com\/pt\/wp-json\/wp\/v2\/types\/post"}],"author":[{"embeddable":true,"href":"https:\/\/tvbrazilusa.com\/pt\/wp-json\/wp\/v2\/users\/1"}],"replies":[{"embeddable":true,"href":"https:\/\/tvbrazilusa.com\/pt\/wp-json\/wp\/v2\/comments?post=47495"}],"version-history":[{"count":1,"href":"https:\/\/tvbrazilusa.com\/pt\/wp-json\/wp\/v2\/posts\/47495\/revisions"}],"predecessor-version":[{"id":47497,"href":"https:\/\/tvbrazilusa.com\/pt\/wp-json\/wp\/v2\/posts\/47495\/revisions\/47497"}],"wp:featuredmedia":[{"embeddable":true,"href":"https:\/\/tvbrazilusa.com\/pt\/wp-json\/wp\/v2\/media\/47496"}],"wp:attachment":[{"href":"https:\/\/tvbrazilusa.com\/pt\/wp-json\/wp\/v2\/media?parent=47495"}],"wp:term":[{"taxonomy":"category","embeddable":true,"href":"https:\/\/tvbrazilusa.com\/pt\/wp-json\/wp\/v2\/categories?post=47495"},{"taxonomy":"post_tag","embeddable":true,"href":"https:\/\/tvbrazilusa.com\/pt\/wp-json\/wp\/v2\/tags?post=47495"}],"curies":[{"name":"wp","href":"https:\/\/api.w.org\/{rel}","templated":true}]}}