{"id":47498,"date":"2024-10-12T13:24:14","date_gmt":"2024-10-12T13:24:14","guid":{"rendered":"https:\/\/tvbrazilusa.com\/2024\/10\/12\/obstaculos-no-caminho-de-tarcisio-para-se-candidatar-a-presidencia-em-2026\/"},"modified":"2024-10-12T13:24:15","modified_gmt":"2024-10-12T13:24:15","slug":"obstaculos-no-caminho-de-tarcisio-para-se-candidatar-a-presidencia-em-2026","status":"publish","type":"post","link":"https:\/\/tvbrazilusa.com\/pt\/2024\/10\/12\/obstaculos-no-caminho-de-tarcisio-para-se-candidatar-a-presidencia-em-2026\/","title":{"rendered":"Obst\u00e1culos no caminho de Tarc\u00edsio para se candidatar \u00e0 presid\u00eancia em 2026"},"content":{"rendered":"<p> <script async src=\"https:\/\/pagead2.googlesyndication.com\/pagead\/js\/adsbygoogle.js?client=ca-pub-8864793242727901\"\r\n     crossorigin=\"anonymous\"><\/script><br \/>\n<\/p>\n<div id=\"taboola-read-more\" style=\"display:block; width:100%\">\n<p>Quando os conservadores afortunados do Brasil, senhores da Avenida Faria Lima, defendem a ideia de que Tarc\u00edsio de Freitas (Republicanos), governador de S\u00e3o Paulo, seria o mais forte candidato para enfrentar Lula em 2026, eles pensam em Tarc\u00edsio separado de Bolsonaro, a quem dizem rejeitar, ou em Tarc\u00edsio dependente de Bolsonaro para se eleger?\n<\/p>\n<p data-gtm-vis-recent-on-screen104869357_94=\"31827\" data-gtm-vis-first-on-screen104869357_94=\"31827\" data-gtm-vis-total-visible-time104869357_94=\"100\" data-gtm-vis-has-fired104869357_94=\"1\">Caso sua inelegibilidade seja revogada, ou caso o Congresso o anistie por todos os crimes que cometeu, Bolsonaro vai querer ser candidato de novo contra Lula. Esse \u00e9 o seu sonho \u2013 a Grande Revanche. Porque duas coisas ele sabe: se for candidato, banqueiros e empres\u00e1rios que o criticam \u00e0 boca pequena o apoiar\u00e3o; e sabe que Tarc\u00edsio sem seu apoio n\u00e3o vencer\u00e1 Lula.<\/p>\n<p>Tarc\u00edsio nunca disputou uma elei\u00e7\u00e3o at\u00e9 se candidatar ao governo de S\u00e3o Paulo em 2022. E s\u00f3 se candidatou por obra e gra\u00e7a de Bolsonaro, que o convenceu. Tarc\u00edsio achava melhor e mais seguro concorrer \u00e0 vaga de senador. A vaga acabou sendo ocupada pelo astronauta Marcos Pontes, ex-ministro da Ci\u00eancia, Tecnologia e Inova\u00e7\u00f5es de Bolsonaro, seu padrinho.\n<\/p>\n<p>A Faria Lima pode muito, mas n\u00e3o pode tudo. N\u00e3o pode, por exemplo, dotar Tarc\u00edsio da experi\u00eancia que um pol\u00edtico s\u00f3 adquire ao disputar sucessivas elei\u00e7\u00f5es. Antes de se eleger presidente em 2018, Bolsonaro foi vereador e sete vezes deputado federal pelo Rio de Janeiro. A Justi\u00e7a condenou e prendeu Lula para dar passagem a Bolsonaro; Lula liderava todas as pesquisas.\n<\/p>\n<p>Pode-se alegar que Dilma Rousseff, ao se eleger presidente pela primeira vez, tamb\u00e9m carecia de experi\u00eancia. Nunca disputara uma elei\u00e7\u00e3o. Mas ela fora duas vezes ministra de Lula (de Minas e Energia e da Casa Civil). E quando Lula a indicou para presidente, ele estava no cargo e no auge de sua popularidade. Dilma se reelegeu derrotando A\u00e9cio Neves, ex-governador de Minas Gerais.\n<\/p>\n<p>O \u00fanico presidente que tentou se reeleger e n\u00e3o conseguiu foi Bolsonaro. O \u00fanico ex-presidente que voltou ao cargo pela terceira vez foi Lula. Get\u00falio Vargas governou como ditador durante 15 anos, e como presidente eleito, mais quatro anos, matando-se com um tiro no peito para n\u00e3o ser derrubado. Vencer Lula ser\u00e1 uma tarefa dif\u00edcil para Tarc\u00edsio, que sequer \u00e9 conhecido nacionalmente.\n<\/p>\n<p>Mas n\u00e3o \u00e9 imposs\u00edvel. Para isso, Bolsonaro ter\u00e1 que estar ao seu lado, ou \u00e0 dist\u00e2ncia para Tarc\u00edsio n\u00e3o ser confundido com um boneco de ventr\u00edloquo. De todo modo, Tarc\u00edsio ser\u00e1 obrigado a radicalizar seu discurso para ficar mais parecido com o discurso de Bolsonaro, e assim tentar fechar o sinal \u00e0 entrada em cena dos Mar\u00e7ais da extrema-direita.\n<\/p>\n<p>Vem c\u00e1: n\u00e3o seria mais f\u00e1cil e menos arriscado ele se reeleger governador de S\u00e3o Paulo? \u00c9 o que muitos pensam, mas poucos dizem \u2013 a n\u00e3o ser Gilberto Kassab, presidente do PSD, e o todo poderoso secret\u00e1rio de Tarc\u00edsio. Em 2030, n\u00e3o haver\u00e1 mais Bolsonaro nem Lula no meio do caminho dele.\n<\/p>\n<p>Fonte: Metr\u00f3poles <\/p>\n<\/div>\n<p><br \/>\n<br \/><a href=\"https:\/\/diariodobrasilnoticias.com.br\/noticia\/obstaculos-no-caminho-de-tarcisio-para-se-candidatar-a-presidencia-em-2026-670a5a3e72ad7\">Source link <\/a><\/p>","protected":false},"excerpt":{"rendered":"<p>Quando os conservadores afortunados do Brasil, senhores da Avenida Faria Lima, defendem a ideia de que Tarc\u00edsio de Freitas (Republicanos), governador de S\u00e3o Paulo, seria o mais forte candidato para&hellip;<\/p>","protected":false},"author":1,"featured_media":47499,"comment_status":"closed","ping_status":"open","sticky":false,"template":"","format":"standard","meta":{"content-type":"","footnotes":""},"categories":[16],"tags":[123,2448,5313,1267],"class_list":["post-47498","post","type-post","status-publish","format-standard","has-post-thumbnail","hentry","category-noticias","tag-brasil","tag-diario","tag-noticia","tag-noticias"],"_links":{"self":[{"href":"https:\/\/tvbrazilusa.com\/pt\/wp-json\/wp\/v2\/posts\/47498","targetHints":{"allow":["GET"]}}],"collection":[{"href":"https:\/\/tvbrazilusa.com\/pt\/wp-json\/wp\/v2\/posts"}],"about":[{"href":"https:\/\/tvbrazilusa.com\/pt\/wp-json\/wp\/v2\/types\/post"}],"author":[{"embeddable":true,"href":"https:\/\/tvbrazilusa.com\/pt\/wp-json\/wp\/v2\/users\/1"}],"replies":[{"embeddable":true,"href":"https:\/\/tvbrazilusa.com\/pt\/wp-json\/wp\/v2\/comments?post=47498"}],"version-history":[{"count":1,"href":"https:\/\/tvbrazilusa.com\/pt\/wp-json\/wp\/v2\/posts\/47498\/revisions"}],"predecessor-version":[{"id":47500,"href":"https:\/\/tvbrazilusa.com\/pt\/wp-json\/wp\/v2\/posts\/47498\/revisions\/47500"}],"wp:featuredmedia":[{"embeddable":true,"href":"https:\/\/tvbrazilusa.com\/pt\/wp-json\/wp\/v2\/media\/47499"}],"wp:attachment":[{"href":"https:\/\/tvbrazilusa.com\/pt\/wp-json\/wp\/v2\/media?parent=47498"}],"wp:term":[{"taxonomy":"category","embeddable":true,"href":"https:\/\/tvbrazilusa.com\/pt\/wp-json\/wp\/v2\/categories?post=47498"},{"taxonomy":"post_tag","embeddable":true,"href":"https:\/\/tvbrazilusa.com\/pt\/wp-json\/wp\/v2\/tags?post=47498"}],"curies":[{"name":"wp","href":"https:\/\/api.w.org\/{rel}","templated":true}]}}