{"id":47501,"date":"2024-10-12T13:39:42","date_gmt":"2024-10-12T13:39:42","guid":{"rendered":"https:\/\/tvbrazilusa.com\/2024\/10\/12\/frente-fria-e-intensas-chuvas-confira-a-previsao-do-tempo-para-os-proximos-seis-meses\/"},"modified":"2024-10-12T13:39:44","modified_gmt":"2024-10-12T13:39:44","slug":"frente-fria-e-intensas-chuvas-confira-a-previsao-do-tempo-para-os-proximos-seis-meses","status":"publish","type":"post","link":"https:\/\/tvbrazilusa.com\/pt\/2024\/10\/12\/frente-fria-e-intensas-chuvas-confira-a-previsao-do-tempo-para-os-proximos-seis-meses\/","title":{"rendered":"Frente fria e intensas chuvas: confira a previs\u00e3o do tempo para os pr\u00f3ximos seis meses"},"content":{"rendered":"<p> <script async src=\"https:\/\/pagead2.googlesyndication.com\/pagead\/js\/adsbygoogle.js?client=ca-pub-8864793242727901\"\r\n     crossorigin=\"anonymous\"><\/script><br \/>\n<\/p>\n<div id=\"taboola-read-more\" style=\"display:block; width:100%\">\n<p>Depois de um longo per\u00edodo de calor e seca, o Brasil deve enfrentar o maior volume de chuvas em seis meses nos pr\u00f3ximos dias. As regi\u00f5es Sul e Sudeste devem ser as mais afetadas, mas pancadas intensas tamb\u00e9m podem ocorrer no Centro-Oeste. \u00c9 o que mostra a previs\u00e3o do tempo elaborada pelo Instituto Nacional de Meteorologia (Inmet).\n<\/p>\n<p>A atua\u00e7\u00e3o de um cavado, nome dado a uma \u00e1rea de instabilidade que favorece a forma\u00e7\u00e3o de nuvens de tempestade, e a passagem de duas frentes frias, uma formada na quarta-feira 9 e outra prevista para se formar na sexta-feira 11, s\u00e3o os principais fatores. Esses sistemas devem manter o clima inst\u00e1vel, especialmente no Sudeste, com o avan\u00e7o de uma nova frente fria pelo continente.<\/p>\n<p>Segundo o Inmet, a partir desta sexta-feira, 11, a previs\u00e3o do tempo para regi\u00f5es como Rio Grande do Sul, Santa Catarina, Paran\u00e1, S\u00e3o Paulo, Mato Grosso do Sul, sul de Mato Grosso, sul de Goi\u00e1s e sudoeste de Minas Gerais registraram chuvas de at\u00e9 100 mm por dia, com ventos de at\u00e9 100 km\/h.\n<\/p>\n<p>O Inmet classificou as tempestades previstas como \u201claranja\u201d, um aviso meteorol\u00f3gico que qualifica as chuvas como perigosas, e alertou para os riscos associados \u00e0s condi\u00e7\u00f5es clim\u00e1ticas adversas.\n<\/p>\n<\/p>\n<p>Fonte: Divulga\u00e7\u00e3o\/Inmet\n<\/p>\n<p><strong>Norte<\/strong>\n<\/p>\n<p>Porto Velho, RO: m\u00e1xima de 35\u00b0C, m\u00ednima de 24\u00b0C, possibilidade de chuvas.<br \/>Manaus, AM: m\u00e1xima de 33\u00b0C, m\u00ednima de 24\u00b0C, com chuvas moderadas.<br \/>Rio Branco, AC: m\u00e1xima de 34\u00b0C, m\u00ednima de 23\u00b0C, poss\u00edveis chuvas isoladas.<br \/>Boa Vista, RR: m\u00e1xima de 32\u00b0C, m\u00ednima de 23\u00b0C, com chuvas isoladas.<br \/>Bel\u00e9m, PA: m\u00e1xima de 33\u00b0C, m\u00ednima de 23\u00b0C, chuvas moderadas.<br \/>Palmas, TO: m\u00e1xima de 37\u00b0C, m\u00ednima de 22\u00b0C, tempo seco.\n<\/p>\n<p><strong>Nordeste<\/strong>\n<\/p>\n<p>S\u00e3o Lu\u00eds, MA: m\u00e1xima de 31\u00b0C, m\u00ednima de 26\u00b0C, chuvas moderadas.<br \/>Teresina, PI: m\u00e1xima de 38\u00b0C, m\u00ednima de 25\u00b0C, tempo seco.<br \/>Fortaleza, CE: m\u00e1xima de 30\u00b0C, m\u00ednima de 25\u00b0C, chuvas leves.<br \/>Natal, RN: m\u00e1xima de 29\u00b0C, m\u00ednima de 25\u00b0C, chuvas leves.<br \/>Jo\u00e3o Pessoa, PB: m\u00e1xima de 27\u00b0C, m\u00ednima de 25\u00b0C, chuvas leves.<br \/>Recife, PE: m\u00e1xima de 28\u00b0C, m\u00ednima de 24\u00b0C, chuvas leves.<br \/>Macei\u00f3, AL: m\u00e1xima de 30\u00b0C, m\u00ednima de 23\u00b0C, chuvas moderadas.<br \/>Aracaju, SE: m\u00e1xima de 29\u00b0C, m\u00ednima de 24\u00b0C, tempo parcialmente nublado.<br \/>Salvador, BA: m\u00e1xima de 28\u00b0C, m\u00ednima de 25\u00b0C, tempo parcialmente nublado.\n<\/p>\n<p><strong>Centro-Oeste<\/strong>\n<\/p>\n<p><strong>Cuiab\u00e1, MT: <\/strong>m\u00e1xima de 34\u00b0C, m\u00ednima de 26\u00b0C, com chuvas fortes.<br \/>Campo Grande, MS: m\u00e1xima de 27\u00b0C, m\u00ednima de 20\u00b0C, chuvas intensas.<br \/>Goi\u00e2nia, GO: m\u00e1xima de 35\u00b0C, m\u00ednima de 21\u00b0C, chuvas fortes.<br \/>Bras\u00edlia, DF: m\u00e1xima de 32\u00b0C, m\u00ednima de 19\u00b0C, chuvas moderadas.\n<\/p>\n<p><strong>Sudeste<\/strong>\n<\/p>\n<p>Belo Horizonte, MG: m\u00e1xima de 27\u00b0C, m\u00ednima de 18\u00b0C, chuvas moderadas.<br \/>Vit\u00f3ria, ES: m\u00e1xima de 25\u00b0C, m\u00ednima de 22\u00b0C, chuvas fortes.<br \/>Rio de Janeiro, RJ: m\u00e1xima de 31\u00b0C, m\u00ednima de 20\u00b0C, chuvas moderadas.<br \/>S\u00e3o Paulo, SP: m\u00e1xima de 29\u00b0C, m\u00ednima de 18\u00b0C, chuvas fortes.\n<\/p>\n<p><strong>Sul<\/strong>\n<\/p>\n<p>Curitiba, PR: m\u00e1xima de 23\u00b0C, m\u00ednima de 17\u00b0C, chuvas fortes.<br \/>Florian\u00f3polis, SC: m\u00e1xima de 23\u00b0C, m\u00ednima de 20\u00b0C, chuvas intensas.<br \/>Porto Alegre, RS: m\u00e1xima de 24\u00b0C, m\u00ednima de 19\u00b0C, chuvas intensas.\n<\/p>\n<p>Fonte: Revista Oeste <\/p>\n<\/div>\n<p><br \/>\n<br \/><a href=\"https:\/\/diariodobrasilnoticias.com.br\/noticia\/frente-fria-e-intensas-chuvas-confira-a-previsao-do-tempo-para-os-proximos-seis-meses-670a5de940b9a\">Source link <\/a><\/p>","protected":false},"excerpt":{"rendered":"<p>Depois de um longo per\u00edodo de calor e seca, o Brasil deve enfrentar o maior volume de chuvas em seis meses nos pr\u00f3ximos dias. As regi\u00f5es Sul e Sudeste devem&hellip;<\/p>","protected":false},"author":1,"featured_media":47502,"comment_status":"closed","ping_status":"open","sticky":false,"template":"","format":"standard","meta":{"content-type":"","footnotes":""},"categories":[16],"tags":[123,2448,5313,1267],"class_list":["post-47501","post","type-post","status-publish","format-standard","has-post-thumbnail","hentry","category-noticias","tag-brasil","tag-diario","tag-noticia","tag-noticias"],"_links":{"self":[{"href":"https:\/\/tvbrazilusa.com\/pt\/wp-json\/wp\/v2\/posts\/47501","targetHints":{"allow":["GET"]}}],"collection":[{"href":"https:\/\/tvbrazilusa.com\/pt\/wp-json\/wp\/v2\/posts"}],"about":[{"href":"https:\/\/tvbrazilusa.com\/pt\/wp-json\/wp\/v2\/types\/post"}],"author":[{"embeddable":true,"href":"https:\/\/tvbrazilusa.com\/pt\/wp-json\/wp\/v2\/users\/1"}],"replies":[{"embeddable":true,"href":"https:\/\/tvbrazilusa.com\/pt\/wp-json\/wp\/v2\/comments?post=47501"}],"version-history":[{"count":1,"href":"https:\/\/tvbrazilusa.com\/pt\/wp-json\/wp\/v2\/posts\/47501\/revisions"}],"predecessor-version":[{"id":47503,"href":"https:\/\/tvbrazilusa.com\/pt\/wp-json\/wp\/v2\/posts\/47501\/revisions\/47503"}],"wp:featuredmedia":[{"embeddable":true,"href":"https:\/\/tvbrazilusa.com\/pt\/wp-json\/wp\/v2\/media\/47502"}],"wp:attachment":[{"href":"https:\/\/tvbrazilusa.com\/pt\/wp-json\/wp\/v2\/media?parent=47501"}],"wp:term":[{"taxonomy":"category","embeddable":true,"href":"https:\/\/tvbrazilusa.com\/pt\/wp-json\/wp\/v2\/categories?post=47501"},{"taxonomy":"post_tag","embeddable":true,"href":"https:\/\/tvbrazilusa.com\/pt\/wp-json\/wp\/v2\/tags?post=47501"}],"curies":[{"name":"wp","href":"https:\/\/api.w.org\/{rel}","templated":true}]}}