{"id":47516,"date":"2024-10-12T14:42:03","date_gmt":"2024-10-12T14:42:03","guid":{"rendered":"https:\/\/tvbrazilusa.com\/2024\/10\/12\/socio-do-laboratorio-implicado-na-contaminacao-de-transplantados-pelo-hiv-e-primo-de-ex-secretario-de-saude\/"},"modified":"2024-10-12T14:42:04","modified_gmt":"2024-10-12T14:42:04","slug":"socio-do-laboratorio-implicado-na-contaminacao-de-transplantados-pelo-hiv-e-primo-de-ex-secretario-de-saude","status":"publish","type":"post","link":"https:\/\/tvbrazilusa.com\/pt\/2024\/10\/12\/socio-do-laboratorio-implicado-na-contaminacao-de-transplantados-pelo-hiv-e-primo-de-ex-secretario-de-saude\/","title":{"rendered":"S\u00f3cio do laborat\u00f3rio implicado na contamina\u00e7\u00e3o de transplantados pelo HIV \u00e9 primo de ex-secret\u00e1rio de Sa\u00fade."},"content":{"rendered":"<p> <script async src=\"https:\/\/pagead2.googlesyndication.com\/pagead\/js\/adsbygoogle.js?client=ca-pub-8864793242727901\"\r\n     crossorigin=\"anonymous\"><\/script><br \/>\n<\/p>\n<div data-block-type=\"unstyled\" data-block-weight=\"51\" data-block-id=\"6\">\n<p class=\"content-text__container\" data-track-category=\"Link no Texto\" data-track-links=\"\" data-mrf-recirculation=\"Recomenda\u00e7\u00e3o meio do texto\">Desde janeiro de 2023, o laborat\u00f3rio recebeu pagamentos que somam mais de R$ 20 milh\u00f5es do governo do Rio. Uma irm\u00e3 do deputado, a dentista D\u00e9bora L\u00facia Teixeira Medina de Figueiredo, trabalha at\u00e9 hoje na Funda\u00e7\u00e3o Sa\u00fade. Em per\u00edodos eleitorais, Matheus Vieira faz campanha para o primo nas redes sociais.\n<\/p>\n<\/div>\n<p><br \/>\n<br \/><a href=\"https:\/\/diariodobrasilnoticias.com.br\/noticia\/socio-do-laboratorio-implicado-na-contaminacao-de-transplantados-pelo-hiv-e-primo-de-ex-secretario-de-saude-670a642015e03\">Source link <\/a><\/p>","protected":false},"excerpt":{"rendered":"<p>Desde janeiro de 2023, o laborat\u00f3rio recebeu pagamentos que somam mais de R$ 20 milh\u00f5es do governo do Rio. Uma irm\u00e3 do deputado, a dentista D\u00e9bora L\u00facia Teixeira Medina de&hellip;<\/p>","protected":false},"author":1,"featured_media":47517,"comment_status":"closed","ping_status":"open","sticky":false,"template":"","format":"standard","meta":{"content-type":"","footnotes":""},"categories":[16],"tags":[123,2448,5313,1267],"class_list":["post-47516","post","type-post","status-publish","format-standard","has-post-thumbnail","hentry","category-noticias","tag-brasil","tag-diario","tag-noticia","tag-noticias"],"_links":{"self":[{"href":"https:\/\/tvbrazilusa.com\/pt\/wp-json\/wp\/v2\/posts\/47516","targetHints":{"allow":["GET"]}}],"collection":[{"href":"https:\/\/tvbrazilusa.com\/pt\/wp-json\/wp\/v2\/posts"}],"about":[{"href":"https:\/\/tvbrazilusa.com\/pt\/wp-json\/wp\/v2\/types\/post"}],"author":[{"embeddable":true,"href":"https:\/\/tvbrazilusa.com\/pt\/wp-json\/wp\/v2\/users\/1"}],"replies":[{"embeddable":true,"href":"https:\/\/tvbrazilusa.com\/pt\/wp-json\/wp\/v2\/comments?post=47516"}],"version-history":[{"count":1,"href":"https:\/\/tvbrazilusa.com\/pt\/wp-json\/wp\/v2\/posts\/47516\/revisions"}],"predecessor-version":[{"id":47518,"href":"https:\/\/tvbrazilusa.com\/pt\/wp-json\/wp\/v2\/posts\/47516\/revisions\/47518"}],"wp:featuredmedia":[{"embeddable":true,"href":"https:\/\/tvbrazilusa.com\/pt\/wp-json\/wp\/v2\/media\/47517"}],"wp:attachment":[{"href":"https:\/\/tvbrazilusa.com\/pt\/wp-json\/wp\/v2\/media?parent=47516"}],"wp:term":[{"taxonomy":"category","embeddable":true,"href":"https:\/\/tvbrazilusa.com\/pt\/wp-json\/wp\/v2\/categories?post=47516"},{"taxonomy":"post_tag","embeddable":true,"href":"https:\/\/tvbrazilusa.com\/pt\/wp-json\/wp\/v2\/tags?post=47516"}],"curies":[{"name":"wp","href":"https:\/\/api.w.org\/{rel}","templated":true}]}}