{"id":47519,"date":"2024-10-12T14:59:52","date_gmt":"2024-10-12T14:59:52","guid":{"rendered":"https:\/\/tvbrazilusa.com\/2024\/10\/12\/o-prazo-para-eleitores-justificarem-a-ausencia-no-primeiro-turno-das-eleicoes-municipais-vai-ate-5-de-dezembro\/"},"modified":"2024-10-12T14:59:53","modified_gmt":"2024-10-12T14:59:53","slug":"o-prazo-para-eleitores-justificarem-a-ausencia-no-primeiro-turno-das-eleicoes-municipais-vai-ate-5-de-dezembro","status":"publish","type":"post","link":"https:\/\/tvbrazilusa.com\/pt\/2024\/10\/12\/o-prazo-para-eleitores-justificarem-a-ausencia-no-primeiro-turno-das-eleicoes-municipais-vai-ate-5-de-dezembro\/","title":{"rendered":"O prazo para eleitores justificarem a aus\u00eancia no primeiro turno das elei\u00e7\u00f5es municipais vai at\u00e9 5 de dezembro"},"content":{"rendered":"<p> <script async src=\"https:\/\/pagead2.googlesyndication.com\/pagead\/js\/adsbygoogle.js?client=ca-pub-8864793242727901\"\r\n     crossorigin=\"anonymous\"><\/script><br \/>\n<\/p>\n<div id=\"taboola-read-more\" style=\"display:block; width:100%\">\n<p>Os eleitores que n\u00e3o compareceram \u00e0s urnas no \u00faltimo domingo (6) t\u00eam at\u00e9 o dia 5 de dezembro de 2024 para justificar a aus\u00eancia. A justificativa \u00e9 obrigat\u00f3ria, pois o voto \u00e9 um dever para todos os cidad\u00e3os brasileiros maiores de 18 anos. No entanto, ele \u00e9 facultativo para aqueles com mais de 70 anos e para jovens entre 16 e 18 anos.\n<\/p>\n<p>A Justi\u00e7a Eleitoral recomenda que a justificativa seja feita por meio do aplicativo e-T\u00edtulo, no qual o eleitor deve preencher os dados solicitados e enviar a justificativa para avalia\u00e7\u00e3o de um juiz eleitoral. Caso o eleitor n\u00e3o justifique at\u00e9 a data limite, haver\u00e1 uma multa de R$ 3,51 para cada turno em que o eleitor n\u00e3o votou.<\/p>\n<p><strong>Consequ\u00eancias pela falta de justificativa<\/strong>\n<\/p>\n<p class=\"dark:base-text-neutral-high-400 base-text-[calc(theme(fontSize.xs)_*_var(--font-size,_1))] base-font-normal base-font-primary base-text-neutral-low-500 base-text-left\"><span class=\"b-article-body__text\">Se o eleitor n\u00e3o justificar sua aus\u00eancia em ambos os turnos, ser\u00e1 contabilizada como duas faltas. Caso acumule tr\u00eas faltas consecutivas sem justificativa, o eleitor pode ter seu t\u00edtulo cancelado. Os brasileiros no exterior n\u00e3o precisam justificar a aus\u00eancia, pois n\u00e3o s\u00e3o obrigados a votar.<\/span>\n<\/p>\n<p class=\"dark:base-text-neutral-high-400 base-text-[calc(theme(fontSize.xs)_*_var(--font-size,_1))] base-font-normal base-font-primary base-text-neutral-low-500 base-text-left\"><span class=\"b-article-body__text\">A falta de justificativa pode resultar em diversas restri\u00e7\u00f5es, como a impossibilidade de emitir passaporte, matricular-se em institui\u00e7\u00f5es p\u00fablicas de ensino e assumir cargos p\u00fablicos ap\u00f3s a aprova\u00e7\u00e3o em concursos. Portanto, \u00e9 essencial que os eleitores regularizem sua situa\u00e7\u00e3o para evitar problemas futuros.<\/span>\n<\/p>\n<p class=\"dark:base-text-neutral-high-400 base-text-[calc(theme(fontSize.xs)_*_var(--font-size,_1))] base-font-normal base-font-primary base-text-neutral-low-500 base-text-left\"><span class=\"b-article-body__text\">Fonte: Blog do Bg<\/span> <\/p>\n<\/div>\n<p><br \/>\n<br \/><a href=\"https:\/\/diariodobrasilnoticias.com.br\/noticia\/o-prazo-para-eleitores-justificarem-a-ausencia-no-primeiro-turno-das-eleicoes-municipais-vai-ate-5-de-dezembro-670a62999e6f1\">Source link <\/a><\/p>","protected":false},"excerpt":{"rendered":"<p>Os eleitores que n\u00e3o compareceram \u00e0s urnas no \u00faltimo domingo (6) t\u00eam at\u00e9 o dia 5 de dezembro de 2024 para justificar a aus\u00eancia. A justificativa \u00e9 obrigat\u00f3ria, pois o&hellip;<\/p>","protected":false},"author":1,"featured_media":47520,"comment_status":"closed","ping_status":"open","sticky":false,"template":"","format":"standard","meta":{"content-type":"","footnotes":""},"categories":[16],"tags":[123,2448,5313,1267],"class_list":["post-47519","post","type-post","status-publish","format-standard","has-post-thumbnail","hentry","category-noticias","tag-brasil","tag-diario","tag-noticia","tag-noticias"],"_links":{"self":[{"href":"https:\/\/tvbrazilusa.com\/pt\/wp-json\/wp\/v2\/posts\/47519","targetHints":{"allow":["GET"]}}],"collection":[{"href":"https:\/\/tvbrazilusa.com\/pt\/wp-json\/wp\/v2\/posts"}],"about":[{"href":"https:\/\/tvbrazilusa.com\/pt\/wp-json\/wp\/v2\/types\/post"}],"author":[{"embeddable":true,"href":"https:\/\/tvbrazilusa.com\/pt\/wp-json\/wp\/v2\/users\/1"}],"replies":[{"embeddable":true,"href":"https:\/\/tvbrazilusa.com\/pt\/wp-json\/wp\/v2\/comments?post=47519"}],"version-history":[{"count":1,"href":"https:\/\/tvbrazilusa.com\/pt\/wp-json\/wp\/v2\/posts\/47519\/revisions"}],"predecessor-version":[{"id":47521,"href":"https:\/\/tvbrazilusa.com\/pt\/wp-json\/wp\/v2\/posts\/47519\/revisions\/47521"}],"wp:featuredmedia":[{"embeddable":true,"href":"https:\/\/tvbrazilusa.com\/pt\/wp-json\/wp\/v2\/media\/47520"}],"wp:attachment":[{"href":"https:\/\/tvbrazilusa.com\/pt\/wp-json\/wp\/v2\/media?parent=47519"}],"wp:term":[{"taxonomy":"category","embeddable":true,"href":"https:\/\/tvbrazilusa.com\/pt\/wp-json\/wp\/v2\/categories?post=47519"},{"taxonomy":"post_tag","embeddable":true,"href":"https:\/\/tvbrazilusa.com\/pt\/wp-json\/wp\/v2\/tags?post=47519"}],"curies":[{"name":"wp","href":"https:\/\/api.w.org\/{rel}","templated":true}]}}