{"id":4752,"date":"2024-07-20T22:10:40","date_gmt":"2024-07-20T22:10:40","guid":{"rendered":"https:\/\/tvbrazilusa.com\/2024\/07\/20\/entregador-de-delivery-acusa-policial-de-ter-sido-racista-apos-ele-ter-tocado-interfone-errado-veja-video\/"},"modified":"2024-07-20T22:16:10","modified_gmt":"2024-07-20T22:16:10","slug":"entregador-de-delivery-acusa-policial-de-ter-sido-racista-apos-ele-ter-tocado-interfone-errado-veja-video","status":"publish","type":"post","link":"https:\/\/tvbrazilusa.com\/pt\/2024\/07\/20\/entregador-de-delivery-acusa-policial-de-ter-sido-racista-apos-ele-ter-tocado-interfone-errado-veja-video\/","title":{"rendered":"Entregador de delivery acusa policial de ter sido racista ap\u00f3s ele ter tocado interfone errado; VEJA V\u00cdDEO"},"content":{"rendered":"<p> <script async src=\"https:\/\/pagead2.googlesyndication.com\/pagead\/js\/adsbygoogle.js?client=ca-pub-8864793242727901\"\r\n     crossorigin=\"anonymous\"><\/script><br \/>\n<\/p>\n<div>\n<p>Foto: Reprodu\u00e7\u00e3o.<\/p>\n<p>Um incidente perturbador ocorreu no Bairro S\u00e3o Mateus, em Juiz de Fora, reacendendo o debate sobre o racismo no Brasil. Um entregador de lanches, durante o exerc\u00edcio de sua fun\u00e7\u00e3o, foi alvo de <strong>inj\u00faria racial<\/strong> por parte de um morador de um condom\u00ednio local. O fato aconteceu na \u00faltima quarta-feira.<\/p>\n<p>O epis\u00f3dio veio \u00e0 tona quando o motoboy, na tentativa de realizar uma entrega, errou o apartamento e tocou o interfone de um ex-policial aposentado. Segundo relatos, o homem desceu e proferiu ofensas racistas e depreciativas ao trabalhador. Sem ser gravado, o \u00e1udio desses momentos n\u00e3o est\u00e1 dispon\u00edvel, mas c\u00e2meras de seguran\u00e7a capturaram a discuss\u00e3o visual.<\/p>\n<p>Na sequ\u00eancia dos eventos, outros moradores que presenciaram o ocorrido tamb\u00e9m foram supostamente insultados pelo mesmo indiv\u00edduo. A Pol\u00edcia Militar foi acionada e, diante das evid\u00eancias e testemunhos, o agressor foi preso em flagrante, sendo conduzido para a delegacia onde o caso foi formalizado como <strong>inj\u00faria racial<\/strong>.<\/p>\n<p>O acusado, um policial aposentado de 55 anos, \u00e9 conhecido na regi\u00e3o por seu comportamento agressivo. Segundo relatos de testemunhas n\u00e3o identificadas, ele possui um hist\u00f3rico conturbado com outros moradores, tendo sido acusado anteriormente de fazer coment\u00e1rios homof\u00f3bicos e acusa\u00e7\u00f5es infundadas contra vizinhos.<\/p>\n<blockquote class=\"instagram-media\" data-instgrm-captioned=\"\" data-instgrm-permalink=\"https:\/\/www.instagram.com\/reel\/C9qSXCnRKE1\/?utm_source=ig_embed&#038;utm_campaign=loading\" data-instgrm-version=\"14\" style=\" background:#FFF; border:0; border-radius:3px; box-shadow:0 0 1px 0 rgba(0,0,0,0.5),0 1px 10px 0 rgba(0,0,0,0.15); margin: 1px; max-width:540px; min-width:326px; padding:0; width:99.375%; width:-webkit-calc(100% - 2px); width:calc(100% - 2px);\"\/><\/div>\n<p><script async defer src=\"https:\/\/platform.instagram.com\/en_US\/embeds.js\"><\/script><br \/>\n<br \/><br \/>\n<br \/><a href=\"https:\/\/terrabrasilnoticias.com\/2024\/07\/entregador-de-delivery-acusa-policial-de-ter-sido-racista-apos-ele-ter-tocado-interfone-errado-veja-video\/\">Source link <\/a><\/p>","protected":false},"excerpt":{"rendered":"<p>Foto: Reprodu\u00e7\u00e3o. Um incidente perturbador ocorreu no Bairro S\u00e3o Mateus, em Juiz de Fora, reacendendo o debate sobre o racismo no Brasil. Um entregador de lanches, durante o exerc\u00edcio de&hellip;<\/p>","protected":false},"author":1,"featured_media":4753,"comment_status":"closed","ping_status":"open","sticky":false,"template":"","format":"standard","meta":{"content-type":"","footnotes":""},"categories":[16],"tags":[],"class_list":["post-4752","post","type-post","status-publish","format-standard","has-post-thumbnail","hentry","category-noticias"],"_links":{"self":[{"href":"https:\/\/tvbrazilusa.com\/pt\/wp-json\/wp\/v2\/posts\/4752","targetHints":{"allow":["GET"]}}],"collection":[{"href":"https:\/\/tvbrazilusa.com\/pt\/wp-json\/wp\/v2\/posts"}],"about":[{"href":"https:\/\/tvbrazilusa.com\/pt\/wp-json\/wp\/v2\/types\/post"}],"author":[{"embeddable":true,"href":"https:\/\/tvbrazilusa.com\/pt\/wp-json\/wp\/v2\/users\/1"}],"replies":[{"embeddable":true,"href":"https:\/\/tvbrazilusa.com\/pt\/wp-json\/wp\/v2\/comments?post=4752"}],"version-history":[{"count":1,"href":"https:\/\/tvbrazilusa.com\/pt\/wp-json\/wp\/v2\/posts\/4752\/revisions"}],"predecessor-version":[{"id":4754,"href":"https:\/\/tvbrazilusa.com\/pt\/wp-json\/wp\/v2\/posts\/4752\/revisions\/4754"}],"wp:featuredmedia":[{"embeddable":true,"href":"https:\/\/tvbrazilusa.com\/pt\/wp-json\/wp\/v2\/media\/4753"}],"wp:attachment":[{"href":"https:\/\/tvbrazilusa.com\/pt\/wp-json\/wp\/v2\/media?parent=4752"}],"wp:term":[{"taxonomy":"category","embeddable":true,"href":"https:\/\/tvbrazilusa.com\/pt\/wp-json\/wp\/v2\/categories?post=4752"},{"taxonomy":"post_tag","embeddable":true,"href":"https:\/\/tvbrazilusa.com\/pt\/wp-json\/wp\/v2\/tags?post=4752"}],"curies":[{"name":"wp","href":"https:\/\/api.w.org\/{rel}","templated":true}]}}