{"id":47531,"date":"2024-10-12T15:39:50","date_gmt":"2024-10-12T15:39:50","guid":{"rendered":"https:\/\/tvbrazilusa.com\/2024\/10\/12\/preco-das-frutas-dispara-no-estado-de-sp-enquanto-o-valor-das-verduras-cai\/"},"modified":"2024-10-12T15:39:51","modified_gmt":"2024-10-12T15:39:51","slug":"preco-das-frutas-dispara-no-estado-de-sp-enquanto-o-valor-das-verduras-cai","status":"publish","type":"post","link":"https:\/\/tvbrazilusa.com\/pt\/2024\/10\/12\/preco-das-frutas-dispara-no-estado-de-sp-enquanto-o-valor-das-verduras-cai\/","title":{"rendered":"Pre\u00e7o das frutas dispara no estado de SP, enquanto o valor das verduras cai"},"content":{"rendered":"<p> <script async src=\"https:\/\/pagead2.googlesyndication.com\/pagead\/js\/adsbygoogle.js?client=ca-pub-8864793242727901\"\r\n     crossorigin=\"anonymous\"><\/script><br \/>\n<\/p>\n<div id=\"taboola-read-more\" style=\"display:block; width:100%\">\n<p>Baliza mais bem calibrada que a infla\u00e7\u00e3o oficial do IBGE, o \u00edndice Ceagesp foca no Estado de S\u00e3o Paulo. E analisa os pre\u00e7os de alimentos nas centrais atacadistas espalhadas por todos os quadrantes do territ\u00f3rio paulista, \u00e0 exce\u00e7\u00e3o da Regi\u00e3o Metropolitana da Baixada Santista, a \u00fanica das 16 regi\u00f5es administrativas do Estado que n\u00e3o conta com unidades da Ceagesp. E, em setembro, o \u00cdndice Ceagesp apurou uma alta de 2,42% nos pre\u00e7os dos alimentos in natura no Estado.\n<\/p>\n<p>Segundo os economistas da maior central atacadista da Am\u00e9rica do Sul, o destaque negativo foi o setor de frutas, com alta de 4,50% no m\u00eas. Enquanto isso, o setor de verduras foi o mais favor\u00e1vel ao consumidor, com queda de 8,74% nos pre\u00e7os no per\u00edodo. De janeiro a setembro, a infla\u00e7\u00e3o da feira acumula defla\u00e7\u00e3o de -2,47% no ano. Os dados foram revelados na quarta-feira (09).<\/p>\n<p>em o simplismo caracter\u00edstico das an\u00e1lises televisivas, a informa\u00e7\u00e3o regionalizada trazida pelo \u00cdndice Ceagesp mostra uma alta expressiva em itens como a laranja e o lim\u00e3o taiti. As duas frutas c\u00edtricas sofrem com o avan\u00e7o de uma doen\u00e7a que dizimou pomares, primeiro na \u00c1sia, depois na Fl\u00f3rida, e que vai lentamente empurrando os laranjais do Interior de S\u00e3o Paulo para outros estados como Minas Gerais e Mato Grosso do Sul.\n<\/p>\n<p>A sede do mundo pelo suco de laranja tamb\u00e9m tem impulsionado a compra da fruta pelas ind\u00fastrias, o que aumentou a concorr\u00eancia com o mercado varejista e, consequentemente, ajudou a elevar os pre\u00e7os da fruta. Sete em cada dez copos de suco de laranja consumidos no mundo s\u00e3o produzidos em S\u00e3o Paulo.\n<\/p>\n<p><strong>Sazonalidade<\/strong><br \/>Tanto a laranja quanto o lim\u00e3o tamb\u00e9m enfrentam uma entressafra, que logo estar\u00e1 conclu\u00edda, o que pode dar \u2018um refresco\u2019 nos pre\u00e7os das duas frutas ao consumidor. Em setembro, lim\u00e3o taiti (+57,69%), laranja lima (+25,01%) e laranja pera (+15,94%) puxaram as altas.\n<\/p>\n<p>O setor de verduras j\u00e1 vem acumulando, desde maio, sucessivas varia\u00e7\u00f5es negativas de pre\u00e7o. E isso se deve, exclusivamente, ao clima. Sem chuvas torrenciais nem temperaturas exageradas como no ver\u00e3o, as folhosas costumam ter pre\u00e7os baixos no outono\/inverno. Todo ano \u00e9 assim, mas o cen\u00e1rio come\u00e7a a reverter com a chegada da primavera. Entre os setores analisados pelos economistas da Ceagesp, este \u00e9 o que acumula as maiores redu\u00e7\u00f5es de pre\u00e7o no ano (-32,25%) e em 12 meses (-6,12%).\n<\/p>\n<p>O setor de diversos tamb\u00e9m registrou quedas expressivas nos pre\u00e7os nas centrais atacadistas do Estado. Nesse segmento, a defla\u00e7\u00e3o foi de -4,16% em setembro. Dos 11 itens cotados nesta cesta de produtos, 73% apresentaram redu\u00e7\u00e3o de pre\u00e7o. Em agosto, a Ceagesp j\u00e1 havia registrado uma varia\u00e7\u00e3o de -18,02%. Mesmo com os dois resultados favor\u00e1veis ao consumidor nos \u00faltimos dois meses, o setor acumula infla\u00e7\u00e3o de 29,79% em 12 meses.\n<\/p>\n<p>Em setembro, as principais redu\u00e7\u00f5es ocorreram nos valores de cebola nacional (-17,53%), ovos de codorna (-8,42%), batata escovada (-6,73%), batata asterix (-5,72%) e ovos brancos (-5,55%).\n<\/p>\n<p>A sazonalidade tamb\u00e9m \u00e9 favor\u00e1vel aos legumes. Mesmo assim, no m\u00eas passado esse segmento registrou alta de 1,58% nos pre\u00e7os do atacado em S\u00e3o Paulo. Com esse resultado, o setor acumula defla\u00e7\u00e3o de -14,20% neste ano.\n<\/p>\n<p>E as maiores altas aconteceram em itens relativamente pouco consumidos ou com valores historicamente baixos, como jil\u00f3 (+46,09%) e pepino japon\u00eas (+35,39%). As principais redu\u00e7\u00f5es ocorreram nos pre\u00e7os de piment\u00e3o vermelho (-32,63%) e piment\u00e3o amarelo (-26,67%).\n<\/p>\n<p>Fonte: Di\u00e1rio do Litoral <\/p>\n<\/div>\n<p><br \/>\n<br \/><a href=\"https:\/\/diariodobrasilnoticias.com.br\/noticia\/preco-das-frutas-dispara-no-estado-de-sp-enquanto-o-valor-das-verduras-cai-670a6d053bb7f\">Source link <\/a><\/p>","protected":false},"excerpt":{"rendered":"<p>Baliza mais bem calibrada que a infla\u00e7\u00e3o oficial do IBGE, o \u00edndice Ceagesp foca no Estado de S\u00e3o Paulo. E analisa os pre\u00e7os de alimentos nas centrais atacadistas espalhadas por&hellip;<\/p>","protected":false},"author":1,"featured_media":47532,"comment_status":"closed","ping_status":"open","sticky":false,"template":"","format":"standard","meta":{"content-type":"","footnotes":""},"categories":[16],"tags":[123,2448,5313,1267],"class_list":["post-47531","post","type-post","status-publish","format-standard","has-post-thumbnail","hentry","category-noticias","tag-brasil","tag-diario","tag-noticia","tag-noticias"],"_links":{"self":[{"href":"https:\/\/tvbrazilusa.com\/pt\/wp-json\/wp\/v2\/posts\/47531","targetHints":{"allow":["GET"]}}],"collection":[{"href":"https:\/\/tvbrazilusa.com\/pt\/wp-json\/wp\/v2\/posts"}],"about":[{"href":"https:\/\/tvbrazilusa.com\/pt\/wp-json\/wp\/v2\/types\/post"}],"author":[{"embeddable":true,"href":"https:\/\/tvbrazilusa.com\/pt\/wp-json\/wp\/v2\/users\/1"}],"replies":[{"embeddable":true,"href":"https:\/\/tvbrazilusa.com\/pt\/wp-json\/wp\/v2\/comments?post=47531"}],"version-history":[{"count":1,"href":"https:\/\/tvbrazilusa.com\/pt\/wp-json\/wp\/v2\/posts\/47531\/revisions"}],"predecessor-version":[{"id":47533,"href":"https:\/\/tvbrazilusa.com\/pt\/wp-json\/wp\/v2\/posts\/47531\/revisions\/47533"}],"wp:featuredmedia":[{"embeddable":true,"href":"https:\/\/tvbrazilusa.com\/pt\/wp-json\/wp\/v2\/media\/47532"}],"wp:attachment":[{"href":"https:\/\/tvbrazilusa.com\/pt\/wp-json\/wp\/v2\/media?parent=47531"}],"wp:term":[{"taxonomy":"category","embeddable":true,"href":"https:\/\/tvbrazilusa.com\/pt\/wp-json\/wp\/v2\/categories?post=47531"},{"taxonomy":"post_tag","embeddable":true,"href":"https:\/\/tvbrazilusa.com\/pt\/wp-json\/wp\/v2\/tags?post=47531"}],"curies":[{"name":"wp","href":"https:\/\/api.w.org\/{rel}","templated":true}]}}