{"id":47537,"date":"2024-10-12T16:07:29","date_gmt":"2024-10-12T16:07:29","guid":{"rendered":"https:\/\/tvbrazilusa.com\/2024\/10\/12\/eliezer-revela-os-danos-em-sua-casa-provocados-pela-queda-de-uma-arvore-durante-a-chuva-veja-video\/"},"modified":"2024-10-12T16:07:30","modified_gmt":"2024-10-12T16:07:30","slug":"eliezer-revela-os-danos-em-sua-casa-provocados-pela-queda-de-uma-arvore-durante-a-chuva-veja-video","status":"publish","type":"post","link":"https:\/\/tvbrazilusa.com\/pt\/2024\/10\/12\/eliezer-revela-os-danos-em-sua-casa-provocados-pela-queda-de-uma-arvore-durante-a-chuva-veja-video\/","title":{"rendered":"Eliezer revela os danos em sua casa provocados pela queda de uma \u00e1rvore durante a chuva; VEJA V\u00cdDEO"},"content":{"rendered":"<p> <script async src=\"https:\/\/pagead2.googlesyndication.com\/pagead\/js\/adsbygoogle.js?client=ca-pub-8864793242727901\"\r\n     crossorigin=\"anonymous\"><\/script><br \/>\n<\/p>\n<div id=\"taboola-read-more\" style=\"display:block; width:100%\">\n<p>Eliezer e Viih Tube passaram por um susto na noite da \u00faltima sexta-feira (11\/10). Durante um temporal em S\u00e3o Paulo, uma \u00e1rvore caiu sobre a casa do casal e deixou rastros de destrui\u00e7\u00e3o. O ex-BBB foi ao Instagram para mostrar os danos causados\n<\/p>\n<p data-gtm-vis-recent-on-screen104869357_94=\"1353\" data-gtm-vis-first-on-screen104869357_94=\"1353\" data-gtm-vis-total-visible-time104869357_94=\"100\" data-gtm-vis-has-fired104869357_94=\"1\">\u201cCaiu uma \u00e1rvore em cima da nossa casa. Mas estamos todos bem. Gra\u00e7as a Deus\u201d, declarou Eliezer. \u201cDestruiu tudo\u201d, completou, enquanto mostrava uma estrutura e diversos vidros quebrados.<\/p>\n<p>Em outro v\u00eddeo, ele revela que foi at\u00e9 a vizinha para saber se ela estava bem, j\u00e1 que o marido est\u00e1 viajando e a mulher est\u00e1 com as crian\u00e7as em casa e que as pessoas estavam limpando a rua.\n<\/p>\n<p><strong>VEJA V\u00cdDEO:<\/strong>\n<\/p>\n<p>Fonte: @metropoles <\/p>\n<\/div>\n<p><br \/>\n<br \/><a href=\"https:\/\/diariodobrasilnoticias.com.br\/noticia\/eliezer-revela-os-danos-em-sua-casa-provocados-pela-queda-de-uma-arvore-durante-a-chuva-670a7eacd61aa\">Source link <\/a><\/p>","protected":false},"excerpt":{"rendered":"<p>Eliezer e Viih Tube passaram por um susto na noite da \u00faltima sexta-feira (11\/10). Durante um temporal em S\u00e3o Paulo, uma \u00e1rvore caiu sobre a casa do casal e deixou&hellip;<\/p>","protected":false},"author":1,"featured_media":47538,"comment_status":"closed","ping_status":"open","sticky":false,"template":"","format":"standard","meta":{"content-type":"","footnotes":""},"categories":[16],"tags":[123,2448,5313,1267],"class_list":["post-47537","post","type-post","status-publish","format-standard","has-post-thumbnail","hentry","category-noticias","tag-brasil","tag-diario","tag-noticia","tag-noticias"],"_links":{"self":[{"href":"https:\/\/tvbrazilusa.com\/pt\/wp-json\/wp\/v2\/posts\/47537","targetHints":{"allow":["GET"]}}],"collection":[{"href":"https:\/\/tvbrazilusa.com\/pt\/wp-json\/wp\/v2\/posts"}],"about":[{"href":"https:\/\/tvbrazilusa.com\/pt\/wp-json\/wp\/v2\/types\/post"}],"author":[{"embeddable":true,"href":"https:\/\/tvbrazilusa.com\/pt\/wp-json\/wp\/v2\/users\/1"}],"replies":[{"embeddable":true,"href":"https:\/\/tvbrazilusa.com\/pt\/wp-json\/wp\/v2\/comments?post=47537"}],"version-history":[{"count":1,"href":"https:\/\/tvbrazilusa.com\/pt\/wp-json\/wp\/v2\/posts\/47537\/revisions"}],"predecessor-version":[{"id":47539,"href":"https:\/\/tvbrazilusa.com\/pt\/wp-json\/wp\/v2\/posts\/47537\/revisions\/47539"}],"wp:featuredmedia":[{"embeddable":true,"href":"https:\/\/tvbrazilusa.com\/pt\/wp-json\/wp\/v2\/media\/47538"}],"wp:attachment":[{"href":"https:\/\/tvbrazilusa.com\/pt\/wp-json\/wp\/v2\/media?parent=47537"}],"wp:term":[{"taxonomy":"category","embeddable":true,"href":"https:\/\/tvbrazilusa.com\/pt\/wp-json\/wp\/v2\/categories?post=47537"},{"taxonomy":"post_tag","embeddable":true,"href":"https:\/\/tvbrazilusa.com\/pt\/wp-json\/wp\/v2\/tags?post=47537"}],"curies":[{"name":"wp","href":"https:\/\/api.w.org\/{rel}","templated":true}]}}