{"id":47568,"date":"2024-10-12T17:52:34","date_gmt":"2024-10-12T17:52:34","guid":{"rendered":"https:\/\/tvbrazilusa.com\/2024\/10\/12\/urgente-helicoptero-do-corpo-de-bombeiros-cai\/"},"modified":"2024-10-12T17:52:35","modified_gmt":"2024-10-12T17:52:35","slug":"urgente-helicoptero-do-corpo-de-bombeiros-cai","status":"publish","type":"post","link":"https:\/\/tvbrazilusa.com\/pt\/2024\/10\/12\/urgente-helicoptero-do-corpo-de-bombeiros-cai\/","title":{"rendered":"URGENTE: Helic\u00f3ptero do corpo de bombeiros cai"},"content":{"rendered":"<p> <script async src=\"https:\/\/pagead2.googlesyndication.com\/pagead\/js\/adsbygoogle.js?client=ca-pub-8864793242727901\"\r\n     crossorigin=\"anonymous\"><\/script><br \/>\n<\/p>\n<div id=\"taboola-read-more\" style=\"display:block; width:100%\">\n<p>Um helic\u00f3ptero do Corpo de Bombeiros caiu ap\u00f3s auxiliar nas buscas do acidente aeron\u00e1utico envolvendo um monomotor no distrito de Ouro Preto, na Regi\u00e3o Central de Minas Gerais. A aeronave levava seis tripulantes, sendo quatro bombeiros, um enfermeiro e um m\u00e9dico do Samu. N\u00e3o houve sobreviventes.\n<\/p>\n<p>A aeronave caiu bem pr\u00f3ximo ao local da queda do monomotor, conforme divulgou o Corpo de Bombeiros. A equipe havia acabado de atender a ocorr\u00eancia e aguardava melhoria do tempo. Pouco tempo depois, o helic\u00f3ptero decolou mas n\u00e3o chegou ao destino final de retorno.<\/p>\n<p>O helic\u00f3ptero que caiu \u00e9 o Arcanjo 4. Ele estava desaparecido desde o fim da tarde desta sexta-feira (11).\n<\/p>\n<p>O porta-voz do Corpo de Bombeiros, tenente Henrique Barcellos, informou na manh\u00e3 deste s\u00e1bado (12) que, ap\u00f3s 12 horas de buscas, a aeronave foi localizada numa Serra \u00cdngreme de Ouro Preto. Os corpos das v\u00edtimas foram encontrados pr\u00f3ximo aos destro\u00e7os da aeronave.\n<\/p>\n<p>Viaturas da Pol\u00edcia Militar e Corpo de Bombeiros trabalharam no local. As buscas foram concentradas nas \u00faltimas informa\u00e7\u00f5es de GPS enviadas pelo Vsky e ELT, al\u00e9m de triangula\u00e7\u00e3o com antena de celular.\n<\/p>\n<p><strong>Governador se manifesta<\/strong><br \/>Pelas redes sociais, o governador Romeu Zema (NOVO) se solidarizou com a corpora\u00e7\u00e3o e lamentou a perda das v\u00edtimas.\n<\/p>\n<p><strong>&#8220;Lamento profundamente a tr\u00e1gica perda dos quatro militares do Corpo de Bombeiros e de dois socorristas, v\u00edtimas de um acidente enquanto cumpriam sua nobre miss\u00e3o de resgate em Ouro Preto. Minha solidariedade e ora\u00e7\u00f5es est\u00e3o com os familiares e amigos nesse momento t\u00e3o dif\u00edcil&#8221;, disse Zema.<\/strong>\n<\/p>\n<p><strong>Queda de monomotor<\/strong><br \/>Um avi\u00e3o agr\u00edcola, de prefixo PS-SLR, caiu na estrada de S\u00e3o Bartolomeu, no distrito de Ouro Preto, na Regi\u00e3o Central de Minas Gerais. De acordo com o Corpo de Bombeiros, o piloto da aeronave morreu. O acidente aconteceu na tarde desta sexta-feira (11).\n<\/p>\n<p>A queda provocou inc\u00eandio no local. At\u00e9 as 16h, tr\u00eas viaturas e o helic\u00f3ptero da corpora\u00e7\u00e3o atuavam no combate as chamas. O local foi isolado para o trabalho de per\u00edcia.\n<\/p>\n<p>Segundo o site da Ag\u00eancia Nacional de Avia\u00e7\u00e3o Civil (Anac), a situa\u00e7\u00e3o da aeronave era considerada normal. O g1 entrou em contato com \u00f3rg\u00e3o e aguarda retorno.\n<\/p>\n<p>Fonte:G1 <\/p>\n<\/div>\n<p><br \/>\n<br \/><a href=\"https:\/\/diariodobrasilnoticias.com.br\/noticia\/urgente-helicoptero-do-corpo-de-bombeiros-cai-670a8e71cac7c\">Source link <\/a><\/p>","protected":false},"excerpt":{"rendered":"<p>Um helic\u00f3ptero do Corpo de Bombeiros caiu ap\u00f3s auxiliar nas buscas do acidente aeron\u00e1utico envolvendo um monomotor no distrito de Ouro Preto, na Regi\u00e3o Central de Minas Gerais. A aeronave&hellip;<\/p>","protected":false},"author":1,"featured_media":47569,"comment_status":"closed","ping_status":"open","sticky":false,"template":"","format":"standard","meta":{"content-type":"","footnotes":""},"categories":[16],"tags":[123,2448,5313,1267],"class_list":["post-47568","post","type-post","status-publish","format-standard","has-post-thumbnail","hentry","category-noticias","tag-brasil","tag-diario","tag-noticia","tag-noticias"],"_links":{"self":[{"href":"https:\/\/tvbrazilusa.com\/pt\/wp-json\/wp\/v2\/posts\/47568","targetHints":{"allow":["GET"]}}],"collection":[{"href":"https:\/\/tvbrazilusa.com\/pt\/wp-json\/wp\/v2\/posts"}],"about":[{"href":"https:\/\/tvbrazilusa.com\/pt\/wp-json\/wp\/v2\/types\/post"}],"author":[{"embeddable":true,"href":"https:\/\/tvbrazilusa.com\/pt\/wp-json\/wp\/v2\/users\/1"}],"replies":[{"embeddable":true,"href":"https:\/\/tvbrazilusa.com\/pt\/wp-json\/wp\/v2\/comments?post=47568"}],"version-history":[{"count":1,"href":"https:\/\/tvbrazilusa.com\/pt\/wp-json\/wp\/v2\/posts\/47568\/revisions"}],"predecessor-version":[{"id":47570,"href":"https:\/\/tvbrazilusa.com\/pt\/wp-json\/wp\/v2\/posts\/47568\/revisions\/47570"}],"wp:featuredmedia":[{"embeddable":true,"href":"https:\/\/tvbrazilusa.com\/pt\/wp-json\/wp\/v2\/media\/47569"}],"wp:attachment":[{"href":"https:\/\/tvbrazilusa.com\/pt\/wp-json\/wp\/v2\/media?parent=47568"}],"wp:term":[{"taxonomy":"category","embeddable":true,"href":"https:\/\/tvbrazilusa.com\/pt\/wp-json\/wp\/v2\/categories?post=47568"},{"taxonomy":"post_tag","embeddable":true,"href":"https:\/\/tvbrazilusa.com\/pt\/wp-json\/wp\/v2\/tags?post=47568"}],"curies":[{"name":"wp","href":"https:\/\/api.w.org\/{rel}","templated":true}]}}