{"id":47587,"date":"2024-10-12T19:01:30","date_gmt":"2024-10-12T19:01:30","guid":{"rendered":"https:\/\/tvbrazilusa.com\/2024\/10\/12\/helicoptero-dos-bombeiros-que-realizava-buscas-por-aviao-acidentado-cai-em-mg-seis-pessoas-perderam-a-vida\/"},"modified":"2024-10-12T19:01:31","modified_gmt":"2024-10-12T19:01:31","slug":"helicoptero-dos-bombeiros-que-realizava-buscas-por-aviao-acidentado-cai-em-mg-seis-pessoas-perderam-a-vida","status":"publish","type":"post","link":"https:\/\/tvbrazilusa.com\/pt\/2024\/10\/12\/helicoptero-dos-bombeiros-que-realizava-buscas-por-aviao-acidentado-cai-em-mg-seis-pessoas-perderam-a-vida\/","title":{"rendered":"Helic\u00f3ptero dos bombeiros que realizava buscas por avi\u00e3o acidentado cai em MG; seis pessoas perderam a vida"},"content":{"rendered":"<p> <script async src=\"https:\/\/pagead2.googlesyndication.com\/pagead\/js\/adsbygoogle.js?client=ca-pub-8864793242727901\"\r\n     crossorigin=\"anonymous\"><\/script><br \/>\n<\/p>\n<div id=\"taboola-read-more\" style=\"display:block; width:100%\">\n<p>Um helic\u00f3ptero do Corpo de Bombeiros de Minas Gerais perdeu o contato e caiu na \u00faltima sexta-feira (11) enquanto realizava um trabalho de resgate de outro acidente a\u00e9reo que ocorreu pouco antes em Ouro Preto.\n<\/p>\n<p>Segundo a corpora\u00e7\u00e3o, seis ocupantes do helic\u00f3ptero Arcanjo 04 morreram no acidente. Entre as v\u00edtimas est\u00e3o quatro bombeiros militares, um m\u00e9dico e um enfermeiro do Servi\u00e7o de Atendimento M\u00f3vel de Urg\u00eancia (Samu).<\/p>\n<p>O Corpo de Bombeiros informa que o helic\u00f3ptero se chocou contra um pared\u00e3o na mata e caiu em uma \u00e1rea de dif\u00edcil acesso. Neste momento, a corpora\u00e7\u00e3o atua nos trabalhos de resgate da aeronave e dos corpos.\n<\/p>\n<p>As v\u00edtimas foram identificadas como: capit\u00e3o Wilker, tenente Victor, sargento Wellerson, sargento Gabriel, o m\u00e9dico Rodrigo Trindade e o enfermeiro Bruno Sud\u00e1rio.\n<\/p>\n<p>Por meio de uma publica\u00e7\u00e3o feita no X (antigo Twitter) o governador de Minas Gerais, Romeu Zema (Novo), lamentou o acidente.\n<\/p>\n<p>\u201cLamento profundamente a tr\u00e1gica perda dos quatro militares do Corpo de Bombeiros e de dois socorristas, v\u00edtimas de um acidente enquanto cumpriam sua nobre miss\u00e3o de resgate em Ouro Preto. Minha solidariedade e ora\u00e7\u00f5es est\u00e3o com os familiares e amigos nesse momento t\u00e3o dif\u00edcil\u201d, escreveu Zema.\n<\/p>\n<p>As equipes do Arcanjo 04 estavam realizando buscas por um monomotor que caiu em Ouro Preto na tarde de ontem. O piloto da aeronave, identificado como Adriano Machado, morreu no local.\n<\/p>\n<p>Fonte: CNN Brasil <\/p>\n<\/div>\n<p><br \/>\n<br \/><a href=\"https:\/\/diariodobrasilnoticias.com.br\/noticia\/helicoptero-dos-bombeiros-que-realizava-buscas-por-aviao-acidentado-cai-em-mg-seis-pessoas-perderam-a-vida-670a90feb29c4\">Source link <\/a><\/p>","protected":false},"excerpt":{"rendered":"<p>Um helic\u00f3ptero do Corpo de Bombeiros de Minas Gerais perdeu o contato e caiu na \u00faltima sexta-feira (11) enquanto realizava um trabalho de resgate de outro acidente a\u00e9reo que ocorreu&hellip;<\/p>","protected":false},"author":1,"featured_media":47588,"comment_status":"closed","ping_status":"open","sticky":false,"template":"","format":"standard","meta":{"content-type":"","footnotes":""},"categories":[16],"tags":[123,2448,5313,1267],"class_list":["post-47587","post","type-post","status-publish","format-standard","has-post-thumbnail","hentry","category-noticias","tag-brasil","tag-diario","tag-noticia","tag-noticias"],"_links":{"self":[{"href":"https:\/\/tvbrazilusa.com\/pt\/wp-json\/wp\/v2\/posts\/47587","targetHints":{"allow":["GET"]}}],"collection":[{"href":"https:\/\/tvbrazilusa.com\/pt\/wp-json\/wp\/v2\/posts"}],"about":[{"href":"https:\/\/tvbrazilusa.com\/pt\/wp-json\/wp\/v2\/types\/post"}],"author":[{"embeddable":true,"href":"https:\/\/tvbrazilusa.com\/pt\/wp-json\/wp\/v2\/users\/1"}],"replies":[{"embeddable":true,"href":"https:\/\/tvbrazilusa.com\/pt\/wp-json\/wp\/v2\/comments?post=47587"}],"version-history":[{"count":1,"href":"https:\/\/tvbrazilusa.com\/pt\/wp-json\/wp\/v2\/posts\/47587\/revisions"}],"predecessor-version":[{"id":47589,"href":"https:\/\/tvbrazilusa.com\/pt\/wp-json\/wp\/v2\/posts\/47587\/revisions\/47589"}],"wp:featuredmedia":[{"embeddable":true,"href":"https:\/\/tvbrazilusa.com\/pt\/wp-json\/wp\/v2\/media\/47588"}],"wp:attachment":[{"href":"https:\/\/tvbrazilusa.com\/pt\/wp-json\/wp\/v2\/media?parent=47587"}],"wp:term":[{"taxonomy":"category","embeddable":true,"href":"https:\/\/tvbrazilusa.com\/pt\/wp-json\/wp\/v2\/categories?post=47587"},{"taxonomy":"post_tag","embeddable":true,"href":"https:\/\/tvbrazilusa.com\/pt\/wp-json\/wp\/v2\/tags?post=47587"}],"curies":[{"name":"wp","href":"https:\/\/api.w.org\/{rel}","templated":true}]}}