{"id":47599,"date":"2024-10-12T20:11:43","date_gmt":"2024-10-12T20:11:43","guid":{"rendered":"https:\/\/tvbrazilusa.com\/2024\/10\/12\/na-red-bull-klopp-recebera-metade-do-salario-que-recebia-no-liverpool-confira-os-valores\/"},"modified":"2024-10-12T20:11:45","modified_gmt":"2024-10-12T20:11:45","slug":"na-red-bull-klopp-recebera-metade-do-salario-que-recebia-no-liverpool-confira-os-valores","status":"publish","type":"post","link":"https:\/\/tvbrazilusa.com\/pt\/2024\/10\/12\/na-red-bull-klopp-recebera-metade-do-salario-que-recebia-no-liverpool-confira-os-valores\/","title":{"rendered":"Na Red Bull, Klopp receber\u00e1 metade do sal\u00e1rio que recebia no Liverpool; confira os valores"},"content":{"rendered":"<p> <script async src=\"https:\/\/pagead2.googlesyndication.com\/pagead\/js\/adsbygoogle.js?client=ca-pub-8864793242727901\"\r\n     crossorigin=\"anonymous\"><\/script><br \/>\n<br \/>Treinador alem\u00e3o vai chefiar opera\u00e7\u00f5es de futebol de times da empresa austr\u00edaca<br \/>\n<br \/><br \/>\n<br \/><a href=\"https:\/\/diariodobrasilnoticias.com.br\/noticia\/na-red-bull-klopp-recebera-metade-do-salario-que-recebia-no-liverpool-confira-os-valores-670a995884182\">Source link <\/a><\/p>","protected":false},"excerpt":{"rendered":"<p>Treinador alem\u00e3o vai chefiar opera\u00e7\u00f5es de futebol de times da empresa austr\u00edaca Source link<\/p>","protected":false},"author":1,"featured_media":47600,"comment_status":"closed","ping_status":"open","sticky":false,"template":"","format":"standard","meta":{"content-type":"","footnotes":""},"categories":[16],"tags":[123,2448,5313,1267],"class_list":["post-47599","post","type-post","status-publish","format-standard","has-post-thumbnail","hentry","category-noticias","tag-brasil","tag-diario","tag-noticia","tag-noticias"],"_links":{"self":[{"href":"https:\/\/tvbrazilusa.com\/pt\/wp-json\/wp\/v2\/posts\/47599","targetHints":{"allow":["GET"]}}],"collection":[{"href":"https:\/\/tvbrazilusa.com\/pt\/wp-json\/wp\/v2\/posts"}],"about":[{"href":"https:\/\/tvbrazilusa.com\/pt\/wp-json\/wp\/v2\/types\/post"}],"author":[{"embeddable":true,"href":"https:\/\/tvbrazilusa.com\/pt\/wp-json\/wp\/v2\/users\/1"}],"replies":[{"embeddable":true,"href":"https:\/\/tvbrazilusa.com\/pt\/wp-json\/wp\/v2\/comments?post=47599"}],"version-history":[{"count":1,"href":"https:\/\/tvbrazilusa.com\/pt\/wp-json\/wp\/v2\/posts\/47599\/revisions"}],"predecessor-version":[{"id":47601,"href":"https:\/\/tvbrazilusa.com\/pt\/wp-json\/wp\/v2\/posts\/47599\/revisions\/47601"}],"wp:featuredmedia":[{"embeddable":true,"href":"https:\/\/tvbrazilusa.com\/pt\/wp-json\/wp\/v2\/media\/47600"}],"wp:attachment":[{"href":"https:\/\/tvbrazilusa.com\/pt\/wp-json\/wp\/v2\/media?parent=47599"}],"wp:term":[{"taxonomy":"category","embeddable":true,"href":"https:\/\/tvbrazilusa.com\/pt\/wp-json\/wp\/v2\/categories?post=47599"},{"taxonomy":"post_tag","embeddable":true,"href":"https:\/\/tvbrazilusa.com\/pt\/wp-json\/wp\/v2\/tags?post=47599"}],"curies":[{"name":"wp","href":"https:\/\/api.w.org\/{rel}","templated":true}]}}