{"id":47602,"date":"2024-10-12T20:27:53","date_gmt":"2024-10-12T20:27:53","guid":{"rendered":"https:\/\/tvbrazilusa.com\/2024\/10\/12\/rei-charles-comenta-sobre-os-ultimos-dias-da-rainha-elizabeth-na-escocia\/"},"modified":"2024-10-12T20:27:54","modified_gmt":"2024-10-12T20:27:54","slug":"rei-charles-comenta-sobre-os-ultimos-dias-da-rainha-elizabeth-na-escocia","status":"publish","type":"post","link":"https:\/\/tvbrazilusa.com\/pt\/2024\/10\/12\/rei-charles-comenta-sobre-os-ultimos-dias-da-rainha-elizabeth-na-escocia\/","title":{"rendered":"Rei Charles comenta sobre os \u00faltimos dias da rainha Elizabeth na Esc\u00f3cia"},"content":{"rendered":"<p> <script async src=\"https:\/\/pagead2.googlesyndication.com\/pagead\/js\/adsbygoogle.js?client=ca-pub-8864793242727901\"\r\n     crossorigin=\"anonymous\"><\/script><br \/>\n<\/p>\n<div id=\"taboola-read-more\" style=\"display:block; width:100%\">\n<p>O rei Charles III se pronunciou a respeito dos \u00faltimos dias de vida de sua falecida m\u00e3e, a rainha Elizabeth II, na Esc\u00f3cia. O agora monarca afirmou que o pa\u00eds, situado no extremo norte do Reino Unido, \u00e9 um \u201clugar excepcionalmente especial\u201d para a fam\u00edlia real.\n<\/p>\n<p>O Castelo de Balmoral, especificamente, era o ref\u00fagio de ver\u00e3o favorito de Elizabeth. Localizada em Royal Deeside, a propriedade conquistou o cora\u00e7\u00e3o da rainha. L\u00e1, ela viveu momentos inesquec\u00edveis, quando crian\u00e7a e mais tarde na vida com o pr\u00edncipe Philip.<\/p>\n<p>Charles falou que ela \u201cescolheu\u201d passar seus \u00faltimos momentos no local em 2022. O coment\u00e1rio foi feito em um discurso de abertura na celebra\u00e7\u00e3o dos 25 anos do Parlamento Escoc\u00eas, em setembro.\n<\/p>\n<p>\u201cFalando de uma perspectiva pessoal, a Esc\u00f3cia sempre teve um lugar especial e \u00fanico no cora\u00e7\u00e3o da minha fam\u00edlia e no meu\u201d, declarou Charles, acrescentando que sua \u201cquerida av\u00f3 era orgulhosamente escocesa\u201d.\n<\/p>\n<p><strong>\u201cMinha falecida m\u00e3e prezava especialmente o tempo que passou em Balmoral, e foi l\u00e1, no lugar mais amado, que ela escolheu passar seus \u00faltimos dias\u201d, comentou.<\/strong>\n<\/p>\n<p>O Castelo de Balmoral tem sido uma das resid\u00eancias da fam\u00edlia real desde 1852, quando a propriedade e seu castelo original foram comprados pelo pr\u00edncipe Albert, marido da rainha Victoria. A atual constru\u00e7\u00e3o foi encomendada ap\u00f3s a casa, na \u00e9poca, ter sido considerada muito pequena.\n<\/p>\n<p>Elizabeth II e o falecido marido, o pr\u00edncipe Philip, passaram parte da lua de mel na propriedade, em 1947. \u201c\u00c9 o lugar mais bonito do mundo. Acho que a vov\u00f3 \u00e9 a mais feliz l\u00e1\u201d, relatou, anteriormente, a princesa Eugenie, neta da rainha.\n<\/p>\n<p>Fonte: Metr\u00f3poles <\/p>\n<\/div>\n<p><br \/>\n<br \/><a href=\"https:\/\/diariodobrasilnoticias.com.br\/noticia\/rei-charles-comenta-sobre-os-ultimos-dias-da-rainha-elizabeth-na-escocia-670a9b4b968f5\">Source link <\/a><\/p>","protected":false},"excerpt":{"rendered":"<p>O rei Charles III se pronunciou a respeito dos \u00faltimos dias de vida de sua falecida m\u00e3e, a rainha Elizabeth II, na Esc\u00f3cia. O agora monarca afirmou que o pa\u00eds,&hellip;<\/p>","protected":false},"author":1,"featured_media":47603,"comment_status":"closed","ping_status":"open","sticky":false,"template":"","format":"standard","meta":{"content-type":"","footnotes":""},"categories":[16],"tags":[123,2448,5313,1267],"class_list":["post-47602","post","type-post","status-publish","format-standard","has-post-thumbnail","hentry","category-noticias","tag-brasil","tag-diario","tag-noticia","tag-noticias"],"_links":{"self":[{"href":"https:\/\/tvbrazilusa.com\/pt\/wp-json\/wp\/v2\/posts\/47602","targetHints":{"allow":["GET"]}}],"collection":[{"href":"https:\/\/tvbrazilusa.com\/pt\/wp-json\/wp\/v2\/posts"}],"about":[{"href":"https:\/\/tvbrazilusa.com\/pt\/wp-json\/wp\/v2\/types\/post"}],"author":[{"embeddable":true,"href":"https:\/\/tvbrazilusa.com\/pt\/wp-json\/wp\/v2\/users\/1"}],"replies":[{"embeddable":true,"href":"https:\/\/tvbrazilusa.com\/pt\/wp-json\/wp\/v2\/comments?post=47602"}],"version-history":[{"count":1,"href":"https:\/\/tvbrazilusa.com\/pt\/wp-json\/wp\/v2\/posts\/47602\/revisions"}],"predecessor-version":[{"id":47604,"href":"https:\/\/tvbrazilusa.com\/pt\/wp-json\/wp\/v2\/posts\/47602\/revisions\/47604"}],"wp:featuredmedia":[{"embeddable":true,"href":"https:\/\/tvbrazilusa.com\/pt\/wp-json\/wp\/v2\/media\/47603"}],"wp:attachment":[{"href":"https:\/\/tvbrazilusa.com\/pt\/wp-json\/wp\/v2\/media?parent=47602"}],"wp:term":[{"taxonomy":"category","embeddable":true,"href":"https:\/\/tvbrazilusa.com\/pt\/wp-json\/wp\/v2\/categories?post=47602"},{"taxonomy":"post_tag","embeddable":true,"href":"https:\/\/tvbrazilusa.com\/pt\/wp-json\/wp\/v2\/tags?post=47602"}],"curies":[{"name":"wp","href":"https:\/\/api.w.org\/{rel}","templated":true}]}}