{"id":47613,"date":"2024-10-12T21:49:03","date_gmt":"2024-10-12T21:49:03","guid":{"rendered":"https:\/\/tvbrazilusa.com\/2024\/10\/12\/professor-de-universidade-federal-e-demitido-acusado-de-assedio-a-alunas\/"},"modified":"2024-10-12T21:49:04","modified_gmt":"2024-10-12T21:49:04","slug":"professor-de-universidade-federal-e-demitido-acusado-de-assedio-a-alunas","status":"publish","type":"post","link":"https:\/\/tvbrazilusa.com\/pt\/2024\/10\/12\/professor-de-universidade-federal-e-demitido-acusado-de-assedio-a-alunas\/","title":{"rendered":"Professor de universidade federal \u00e9 demitido acusado de ass\u00e9dio a alunas"},"content":{"rendered":"<p> <script async src=\"https:\/\/pagead2.googlesyndication.com\/pagead\/js\/adsbygoogle.js?client=ca-pub-8864793242727901\"\r\n     crossorigin=\"anonymous\"><\/script><br \/>\n<\/p>\n<div id=\"taboola-read-more\" style=\"display:block; width:100%\">\n<p>A Universidade Federal do Acre (Ufac) demitiu na \u00faltima quarta-feira (9\/10) o professor do seu Col\u00e9gio de Aplica\u00e7\u00e3o que havia sido <a href=\"https:\/\/www.metropoles.com\/colunas\/guilherme-amado\/alunos-de-colegio-de-universidade-federal-relatam-assedio-de-professor\" target=\"_blank\" rel=\"noopener noreferrer\">denunciado por alunos e alunas por suposto ass\u00e9dio sexual na institui\u00e7\u00e3o<\/a>. A coluna noticiou o caso em agosto.\n<\/p>\n<p data-gtm-vis-recent-on-screen104869357_94=\"138058\" data-gtm-vis-first-on-screen104869357_94=\"138058\" data-gtm-vis-total-visible-time104869357_94=\"100\" data-gtm-vis-has-fired104869357_94=\"1\">Assinada pelo reitor da Ufac, Josimar Batista Ferreira, a demiss\u00e3o do professor foi <a href=\"https:\/\/www.in.gov.br\/web\/dou\/-\/portaria-n-3.356-de-7-de-outubro-de-2024-589151407\" target=\"_blank\" rel=\"noopener noreferrer\">publicada no Di\u00e1rio Oficial da Uni\u00e3o<\/a> ap\u00f3s a conclus\u00e3o de um processo administrativo contra ele. Os motivos da demiss\u00e3o, conforme o procedimento aberto na universidade, foram \u201cincontin\u00eancia p\u00fablica e conduta escandalosa, na reparti\u00e7\u00e3o\u201d. Ele estava afastado do col\u00e9gio desde maio, quando as den\u00fancias vieram a p\u00fablico.<\/p>\n<p>Al\u00e9m do processo administrativo que levou \u00e0 demiss\u00e3o do professor, os supostos casos de ass\u00e9dio sexual tamb\u00e9m s\u00e3o apurados em um procedimento criminal sigiloso do Minist\u00e9rio P\u00fablico Federal (MPF) no Acre.\n<\/p>\n<p>Conforme mostrou a coluna, os relatos de oito alunos do Col\u00e9gio de Aplica\u00e7\u00e3o da Ufac, entre garotos e garotas de 14 a 17 anos, foram feitos em 6 de maio em uma reuni\u00e3o entre pais, professores e representantes da Associa\u00e7\u00e3o dos Docentes da Universidade Federal do Acre (Adufac), que \u00e0 \u00e9poca liderava a greve na universidade.\n<\/p>\n<p>A Adufac reuniu as acusa\u00e7\u00f5es em uma representa\u00e7\u00e3o feita ao MPF em 10 de junho. A maioria dos alunos n\u00e3o especificou quando os casos de ass\u00e9dio teriam ocorrido. Dois deles citaram o ano de 2022.<\/p>\n<p>Em um v\u00eddeo com relatos dos jovens, eles citaram coment\u00e1rios do professor sobre o corpo de alunas, toques inapropriados em bra\u00e7os, m\u00e3os e pesco\u00e7o de algumas delas, formas indesejadas de se dirigir a elas e \u201cpiadas\u201d de cunho sexual dentro e fora da sala de aula.\n<\/p>\n<p>Em um dos casos, um jovem citou de 17 anos, aluno do 3\u00ba ano do Ensino M\u00e9dio, mencionou uma passagem em que o professor teria dado conota\u00e7\u00e3o sexual a um sorvete que havia comprado.<\/p>\n<p>Metr\u00f3poles\u00a0 <\/p>\n<\/div>\n<p><br \/>\n<br \/><a href=\"https:\/\/diariodobrasilnoticias.com.br\/noticia\/professor-de-universidade-federal-e-demitido-acusado-de-assedio-a-alunas-670aafbe3152b\">Source link <\/a><\/p>","protected":false},"excerpt":{"rendered":"<p>A Universidade Federal do Acre (Ufac) demitiu na \u00faltima quarta-feira (9\/10) o professor do seu Col\u00e9gio de Aplica\u00e7\u00e3o que havia sido denunciado por alunos e alunas por suposto ass\u00e9dio sexual&hellip;<\/p>","protected":false},"author":1,"featured_media":47614,"comment_status":"closed","ping_status":"open","sticky":false,"template":"","format":"standard","meta":{"content-type":"","footnotes":""},"categories":[16],"tags":[123,2448,5313,1267],"class_list":["post-47613","post","type-post","status-publish","format-standard","has-post-thumbnail","hentry","category-noticias","tag-brasil","tag-diario","tag-noticia","tag-noticias"],"_links":{"self":[{"href":"https:\/\/tvbrazilusa.com\/pt\/wp-json\/wp\/v2\/posts\/47613","targetHints":{"allow":["GET"]}}],"collection":[{"href":"https:\/\/tvbrazilusa.com\/pt\/wp-json\/wp\/v2\/posts"}],"about":[{"href":"https:\/\/tvbrazilusa.com\/pt\/wp-json\/wp\/v2\/types\/post"}],"author":[{"embeddable":true,"href":"https:\/\/tvbrazilusa.com\/pt\/wp-json\/wp\/v2\/users\/1"}],"replies":[{"embeddable":true,"href":"https:\/\/tvbrazilusa.com\/pt\/wp-json\/wp\/v2\/comments?post=47613"}],"version-history":[{"count":1,"href":"https:\/\/tvbrazilusa.com\/pt\/wp-json\/wp\/v2\/posts\/47613\/revisions"}],"predecessor-version":[{"id":47615,"href":"https:\/\/tvbrazilusa.com\/pt\/wp-json\/wp\/v2\/posts\/47613\/revisions\/47615"}],"wp:featuredmedia":[{"embeddable":true,"href":"https:\/\/tvbrazilusa.com\/pt\/wp-json\/wp\/v2\/media\/47614"}],"wp:attachment":[{"href":"https:\/\/tvbrazilusa.com\/pt\/wp-json\/wp\/v2\/media?parent=47613"}],"wp:term":[{"taxonomy":"category","embeddable":true,"href":"https:\/\/tvbrazilusa.com\/pt\/wp-json\/wp\/v2\/categories?post=47613"},{"taxonomy":"post_tag","embeddable":true,"href":"https:\/\/tvbrazilusa.com\/pt\/wp-json\/wp\/v2\/tags?post=47613"}],"curies":[{"name":"wp","href":"https:\/\/api.w.org\/{rel}","templated":true}]}}