{"id":47616,"date":"2024-10-12T22:15:20","date_gmt":"2024-10-12T22:15:20","guid":{"rendered":"https:\/\/tvbrazilusa.com\/2024\/10\/12\/complicado-deficit-de-vagas-no-sistema-carcerario-do-brasil-passa-de-174-mil\/"},"modified":"2024-10-12T22:15:21","modified_gmt":"2024-10-12T22:15:21","slug":"complicado-deficit-de-vagas-no-sistema-carcerario-do-brasil-passa-de-174-mil","status":"publish","type":"post","link":"https:\/\/tvbrazilusa.com\/pt\/2024\/10\/12\/complicado-deficit-de-vagas-no-sistema-carcerario-do-brasil-passa-de-174-mil\/","title":{"rendered":"COMPLICADO: D\u00e9ficit de vagas no sistema carcer\u00e1rio do Brasil passa de 174 mil"},"content":{"rendered":"<p> <script async src=\"https:\/\/pagead2.googlesyndication.com\/pagead\/js\/adsbygoogle.js?client=ca-pub-8864793242727901\"\r\n     crossorigin=\"anonymous\"><\/script><br \/>\n<\/p>\n<div id=\"taboola-read-more\" style=\"display:block; width:100%\">\n<p>O Brasil tem d\u00e9ficit de 174.436 vagas no sistema carcer\u00e1rio. A informa\u00e7\u00e3o foi divulgada esta semana no Relat\u00f3rio de Informa\u00e7\u00f5es Penais (Relipen), do Minist\u00e9rio da Justi\u00e7a e Seguran\u00e7a P\u00fablica (MJSP), segundo o qual a popula\u00e7\u00e3o carcer\u00e1ria no pa\u00eds \u00e9 de 663.906 presos, enquanto a capacidade das celas f\u00edsicas \u00e9 de 488.951 vagas.\n<\/p>\n<p>Os dados, relativos ao per\u00edodo de janeiro a junho de 2024, mostram ainda que quase a totalidade dos presos \u00e9 de homens, com 634.617 encarcerados. J\u00e1 a popula\u00e7\u00e3o feminina soma 28.770 presas, das quais 212 est\u00e3o gestantes e 117 lactantes. o relat\u00f3rio tamb\u00e9m mostra que 119 filhos de presas est\u00e3o nas unidades prisionais.<\/p>\n<p>Al\u00e9m disso, apenas as fam\u00edlias de 19.445 presos recebem aux\u00edlio-reclus\u00e3o. O benef\u00edcio, atualmente no valor de um sal\u00e1rio m\u00ednimo (R$ 1.412,00), \u00e9 voltado para os dependentes de pessoas de baixa renda presas em regime fechado e que tenham contribu\u00eddo com a previd\u00eancia.\n<\/p>\n<p>S\u00e3o Paulo \u00e9 o estado com o maior n\u00famero de presos, com 200.178 encarcerados. Em seguida vem Minas Gerais, com 65.545; Rio de Janeiro, com 47.331; Paran\u00e1, com 41.612 e Rio Grande do Sul, com 35.721. Os estados com o menor n\u00famero de presos s\u00e3o: Amap\u00e1, com 2.867; Roraima, com 3.126; Tocantins, com 3.738; Amazonas, com 5.069; e Alagoas, com 5.194.\n<\/p>\n<p>S\u00e3o Paulo, Minas Gerais e o Rio de Janeiro tamb\u00e9m s\u00e3o os estados com os maiores d\u00e9ficits de vagas, com 45.979; 19.834; e 15.797, respectivamente. Na sequ\u00eancia vem Pernambuco, cujo d\u00e9ficit \u00e9 de 12.646; e o Paran\u00e1 com d\u00e9ficit de 11.325 vagas.\n<\/p>\n<p>Enquanto isso, o Rio Grande do Norte tem um super\u00e1vit de 1.601 vagas; o Maranh\u00e3o \u00e9 superavit\u00e1rio em 514 vagas; o Mato Grosso em 132; e o Tocantins em 19 vagas.\n<\/p>\n<p>O relat\u00f3rio mostra ainda que o Brasil tem 183.806 presos provis\u00f3rios. Destes, 174.521 s\u00e3o homens e 9.285 mulheres. Os presos em regime fechado somam 360.430, dos quais 346.225 s\u00e3o homens e 14.205 mulheres. Os presos em regime semiaberto totalizam 112.980. As mulheres somam 4.761 presas e os homens 108.219. J\u00e1 os presos no sistema aberto chegam a 4.774, dos quais 4.372 s\u00e3o homens e 402 mulheres.\n<\/p>\n<p>O relat\u00f3rio mostra ainda que 105.104 presos s\u00e3o monitorados com tornozeleira eletr\u00f4nica e que a popula\u00e7\u00e3o em pris\u00e3o domiciliar, que n\u00e3o usa equipamento de tornozeleira eletr\u00f4nica, aumentou em 14,40%, saindo de 100.433 em dezembro do ano passado para 115.117 em junho de 2024.\n<\/p>\n<p><strong>Ag\u00eancia Brasil<\/strong> <\/p>\n<\/div>\n<p><br \/>\n<br \/><a href=\"https:\/\/diariodobrasilnoticias.com.br\/noticia\/complicado-deficit-de-vagas-no-sistema-carcerario-do-brasil-passa-de-174-mil-670abe8ba8743\">Source link <\/a><\/p>","protected":false},"excerpt":{"rendered":"<p>O Brasil tem d\u00e9ficit de 174.436 vagas no sistema carcer\u00e1rio. A informa\u00e7\u00e3o foi divulgada esta semana no Relat\u00f3rio de Informa\u00e7\u00f5es Penais (Relipen), do Minist\u00e9rio da Justi\u00e7a e Seguran\u00e7a P\u00fablica (MJSP),&hellip;<\/p>","protected":false},"author":1,"featured_media":47617,"comment_status":"closed","ping_status":"open","sticky":false,"template":"","format":"standard","meta":{"content-type":"","footnotes":""},"categories":[16],"tags":[123,2448,5313,1267],"class_list":["post-47616","post","type-post","status-publish","format-standard","has-post-thumbnail","hentry","category-noticias","tag-brasil","tag-diario","tag-noticia","tag-noticias"],"_links":{"self":[{"href":"https:\/\/tvbrazilusa.com\/pt\/wp-json\/wp\/v2\/posts\/47616","targetHints":{"allow":["GET"]}}],"collection":[{"href":"https:\/\/tvbrazilusa.com\/pt\/wp-json\/wp\/v2\/posts"}],"about":[{"href":"https:\/\/tvbrazilusa.com\/pt\/wp-json\/wp\/v2\/types\/post"}],"author":[{"embeddable":true,"href":"https:\/\/tvbrazilusa.com\/pt\/wp-json\/wp\/v2\/users\/1"}],"replies":[{"embeddable":true,"href":"https:\/\/tvbrazilusa.com\/pt\/wp-json\/wp\/v2\/comments?post=47616"}],"version-history":[{"count":1,"href":"https:\/\/tvbrazilusa.com\/pt\/wp-json\/wp\/v2\/posts\/47616\/revisions"}],"predecessor-version":[{"id":47618,"href":"https:\/\/tvbrazilusa.com\/pt\/wp-json\/wp\/v2\/posts\/47616\/revisions\/47618"}],"wp:featuredmedia":[{"embeddable":true,"href":"https:\/\/tvbrazilusa.com\/pt\/wp-json\/wp\/v2\/media\/47617"}],"wp:attachment":[{"href":"https:\/\/tvbrazilusa.com\/pt\/wp-json\/wp\/v2\/media?parent=47616"}],"wp:term":[{"taxonomy":"category","embeddable":true,"href":"https:\/\/tvbrazilusa.com\/pt\/wp-json\/wp\/v2\/categories?post=47616"},{"taxonomy":"post_tag","embeddable":true,"href":"https:\/\/tvbrazilusa.com\/pt\/wp-json\/wp\/v2\/tags?post=47616"}],"curies":[{"name":"wp","href":"https:\/\/api.w.org\/{rel}","templated":true}]}}